{"id":19320,"date":"2022-09-16T10:14:26","date_gmt":"2022-09-16T10:14:26","guid":{"rendered":"https:\/\/neutrale.al\/?p=19320"},"modified":"2022-09-16T10:14:26","modified_gmt":"2022-09-16T10:14:26","slug":"parlament-celaj-banoret-e-qarkut-kukes-i-drejtohen-britanise-sepse-qeveria-e-vendit-i-ka-braktisur","status":"publish","type":"post","link":"https:\/\/neutrale.al\/index.php\/2022\/09\/16\/parlament-celaj-banoret-e-qarkut-kukes-i-drejtohen-britanise-sepse-qeveria-e-vendit-i-ka-braktisur\/","title":{"rendered":"Parlament\/ \u00c7elaj: Banor\u00ebt e qarkut Kuk\u00ebs i drejtohen Britanis\u00eb sepse qeveria e vendit i ka braktisur&#8230;"},"content":{"rendered":"<p>Kjo ka qen\u00eb sinteza e fjal\u00ebs s\u00eb deputetit demokrat Isuf \u00c7elaj, n\u00eb seanc\u00ebn parlamentare t\u00eb djeshme.<\/p>\n<p>P\u00ebr m\u00eb shum\u00eb fjala e plot\u00eb:<\/p>\n<p>E nderuar drejtuese  e seanc\u00ebs,<br \/>\nT\u00eb nderuar qyetetar\u00eb,<br \/>\nT\u00eb nderuar koleg<br \/>\n\ud83d\udcccSot na \u00ebsht\u00eb paraqitur p\u00ebr miratim n\u00eb k\u00ebt\u00eb seanc\u00eb Ratifikimini Memorandumit  midis Republik\u00ebs Shqip\u00ebris\u00eb dhe Mbret\u00ebris\u00eb s\u00eb Bashkuar t\u00eb Britanis\u00eb Madhe dhe Irland\u00ebs  e Veriut  t\u00eb p\u00ebrfaq\u00ebsuar respektivisht nga Ministrit\u00eb e Brend\u00ebshme t\u00eb k\u00ebtyre vendeve e cila ka t\u00eb b\u00ebj\u00eb me shk\u00ebmbimin e informacionit lidhur me migracionin, n\u00eb thelb nuk \u00ebsht\u00eb gj\u00eb tjet\u00ebr  ve\u00e7se nje instrument ligjor q\u00eb mund\u00ebson  marrjen e informacionit  nga autoritetet britanike nepermjet autoriteteve tona kompetente per te lehtesuar kthimin e emigranteve te parregullt  shqiptare ne atdhe.<br \/>\n\ud83d\udcccTh\u00ebn\u00eb  me fjal\u00eb  t\u00eb tjera, se politikat e strategjit\u00eb e zhvillimit ekonomik t\u00eb k\u00ebsaj mazhorance kan\u0113 d\u00ebshtuar dhe vet\u00ebm sa  kan\u00eb  thelluar varf\u00ebrin\u00eb  e qytetar\u00ebve  t\u00eb thjesht\u00eb  duke e orientuar shfryt\u00ebzimin e pasurive drejt grupeve  t\u00eb caktuara kryesisht klienteve t\u00eb af\u00ebrt me t\u00eb.<br \/>\n\ud83d\udcccKjo politik\u00eb  e ka ndar\u00eb  vendin aktualisht po t\u00eb shikosh hart\u00ebn e investimeve n\u00eb k\u00ebto 9 vite ku pjesa e investimeve n\u00eb veri \u00ebsht\u00eb shum\u00eb  her\u00eb m\u00eb e vog\u00ebl  se n\u00eb jug duke \u00e7uar n\u00eb thellimin e varf\u00ebris\u00eb  kryesisht n\u00eb qakun e Kuk\u00ebsit  dhe mund t\u00eb themi se sot kjo ndarje \u00ebsht\u00eb n\u00eb klient  t\u00eb qeveris\u00eb  dhe n\u00eb emigrant\u00eb. K\u00ebta te fundit e ndjejn\u00eb  dhe provojn\u00eb  mbi kurriz padrejtesin\u00eb  sociale q\u00eb mbret\u00ebron.<br \/>\n\ud83d\udcccP\u00ebrve\u00e7 varf\u00ebris\u00eb k\u00ebta emigrant\u00eb  kan\u00eb humbur shpres\u00ebn p\u00ebr drejt\u00ebsi sociale pasi mund\u00ebsit\u00eb jan\u00eb t\u00eb pakta  p\u00ebr t\u00eb b\u00ebr\u00eb t\u00eb mundur q\u00eb t\u00eb ndertojn\u00eb jet\u00ebn normalisht k\u00ebtu  n\u00eb vendin e tyre.<br \/>\n\ud83d\udcccN\u00eb k\u00ebt\u00eb  emigracion me destinacion Britanin\u00eb, bie n\u00eb sy p\u00ebr  masivitetin e largimit t\u00eb qytetar\u00ebve  nga zona e Kuk\u00ebsit, Hasit e Tropoj\u00ebs! Kjo nuk \u00ebsht\u00eb rast\u00ebsi. P\u00ebrve\u00e7 varferise ekonomike, shteti dhe mungesa e dor\u00ebs s\u00eb tij\u00eb kan\u00eb  koh\u00eb q\u00eb i kan\u00eb braktisur k\u00ebto krahina madje duke u hequr edhe sh\u00ebrbimet  baz\u00eb  si\u00e7 edhe  i kam paraqitur si shqet\u00ebsim k\u00ebtu p\u00ebrpara jush, qytetet jan\u00eb kthyer n\u00eb fjetina pasi rinia po ik\u00ebn \u00e7do dit\u00eb!<br \/>\n\ud83d\udcccPra qeveria u ka hequr sh\u00ebrbimet baz\u00eb, i ka varf\u00ebruar , u ka vrar\u00eb  shpresat duke i detyruar k\u00ebta t\u00eb d\u00ebshp\u00ebruar t\u00eb marrin arratin\u00eb.N\u00eb k\u0113t\u00eb kontekst, i vetmi sh\u00ebrbim  q\u00eb ofron shteti \u00ebsht\u00eb  ky memorandum p\u00ebr kthimin e tyre. Sigurisht k\u00ebtu nuk mund t\u00eb paragjykohet Britania pasi migracioni i paligj\u00ebsh\u00ebm \u00ebsjt\u00eb b\u00ebr\u00eb shqet\u00ebsim p\u00ebr qeverin\u00eb  e saj se n\u00eb morin\u00eb e emigrant\u00ebve q\u00eb kalojn\u00eb  La Manshin n\u00eb m\u00ebnyr\u00eb klandestine ka edhe elemet t\u00eb krimit t\u00eb organizuar shqiptar pra problemi q\u00ebndron se ne po eksportojm\u00eb krim dhe kjo \u00ebsht\u00eb shqet\u00ebsimi m\u00eb i madh i tyre, por qeveria  Britanike \u00ebsht\u00eb n\u00eb t\u00eb drejt\u00ebn  e saj p\u00ebr  t\u00eb kthyer emigrant\u00ebt  q\u00eb kalojn\u00eb n\u00eb rrug\u00eb t\u00eb paligjeshme. Por nuk mund t\u00eb lihet  pa theksuar se qeveria shqiptare si  ofert\u00eb t\u00eb vetme p\u00ebr k\u00ebt\u00eb emigracion ka k\u00ebt\u00eb  memorandum me karakter policor. Ky memorandum i kthen emigrant\u00ebt, por jo shpres\u00ebn. As i lufton rr\u00ebnj\u00ebt  sociale se p\u00ebrse  ka emigracion, t\u00eb till\u00eb nga vendi yn\u00eb. Mjafton t\u00eb kujtojm\u00eb  se fenomeni ka q\u00ebn\u00eb po kaq i lart\u00eb  edhe disa vite m\u00eb par\u00eb n\u00eb Franc\u00eb ku qeveria d\u00ebrgoi kat\u00ebr  oficere n\u00eb k\u00ebt\u00eb vend.<br \/>\n\ud83d\udcccEmigracioni nuk mund t\u00eb mbyllet me forma policore,sepse n\u00ebse  qet\u00ebsohet  n\u00eb nj\u00eb vend, do t\u00eb shperthej\u00eb n\u00eb nj\u00eb vend  tjet\u00ebr. Duhen luftuar rr\u00ebnj\u00ebt e tij sociale. Por kjo qeveri n\u0113 vend  q\u00eb t\u00eb shkul\u00eb k\u00ebto rr\u00ebnj\u00eb ajo i ka vaditur e po i vadit ato \u00e7do dit\u00eb  duke b\u00ebr\u00eb fakt shpopullimin e zonave e krahinave t\u00eb t\u00ebra!<br \/>\n\ud83d\udcccNdigjova koleg\u00eb t\u00eb mazhoranc\u00ebs q\u00eb than\u00eb se deputet e zonave ku ka fluks t\u00eb shtuar migracioni t\u00eb b\u00ebhen pjes\u00eb e implementinit  t\u0113 programeve t\u00eb zhvillimit q\u0113 sigurojn\u00eb pun\u00ebsim etj, shum\u00eb mir\u00eb do ishte!<br \/>\n\ud83d\udccdPor p\u00ebr \u00e7\u2019far\u00eb programesh pun\u00ebsimi flisni ju q\u00eb me ardhjen tuaj n\u00eb pushtet u rrit\u00ebt taksat,u mbyll\u00ebt zyrat e sh\u00ebrbimeve, u mbylll\u00ebt filjalin e Universitetit, nuk ka shkolla profesionale etj, \u00e7\u2019far\u00eb u mbetet atyre tjet\u00ebr kur shumica e familjeve jan\u00eb n\u00eb kushtet e mbijetes\u00ebs.<br \/>\n\ud83d\udccdQarku i Kuk\u00ebsit ka t\u00eb ardhurat m\u00eb t\u00eb ul\u00ebta p\u00ebr frym\u00eb krahasuar me Tiran\u00ebn do ti duhen plot 20 vite p\u00ebr t\u00eb arritur nivelim e t\u00eb ardhurave p\u00ebr frym\u00eb Tiran\u00ebn sikur zhvillimi i saj\u00eb t\u00eb q\u00ebndroj\u00eb n\u00eb vend!<br \/>\n\ud83d\udccdAtyre nuk u mbetet gj\u00eb tjet\u00ebr vet\u00ebm t\u00eb marrin rrug\u00ebn me shum\u00eb rrisqe t\u00eb migracionit biles edhe duke marr\u00eb para borxh p\u00ebr t\u00eb paguar ata persona q\u00eb i kalojn\u00eb me gomone n\u00eb brigjet Britanike, e duke q\u00ebn\u00eb t\u00eb futur n\u00ebn presionin e pages\u00ebs s\u00eb borxhit bien pre e grupeve kriminale duke u p\u00ebrfshir\u00eb n\u00eb veprimtari kriminale!<br \/>\n\ud83d\udccdNj\u00eb qytetar nga Hasi n\u00eb nj\u00eb takim q\u00eb kisha p\u00ebroara ca dit\u00ebsh n\u00eb qytetin e Krum\u00ebs mes lot\u00ebsh m\u00eb tha se nga varf\u00ebria e mungesa e shpres\u00ebs jam detyruar ti nis\u00eb me gomone p\u00ebr n\u00eb Lond\u00ebr t\u00eb dy djemt n\u00eb moshat 14 e 18 vje\u00e7, pasi nuk kam asnj\u00eb mund\u00ebsi q\u00eb k\u00ebtu tju siguroj\u00eb pages\u00ebn e shkoll\u00ebs s\u00eb lart\u00eb dhe as atij\u00eb t\u00eb voglit shkollim profesional dhe kemi mbetur shurdh\u00ebr n\u00eb sht\u00ebpi vet\u00ebm me bashk\u00ebshorten!<br \/>\n\ud83d\udcccPrandaj ajo q\u00eb k\u00ebrkohet  sot nga ne si opozit\u00eb,por edhe nga shumica e shqiptar\u00ebve \u00ebsht\u00eb kthimi i shpres\u00ebs se ky vend mund t\u00eb b\u00ebhet, dhe e vetmja shpres\u00eb  mbetet bashkimi i shqiptar\u00ebve p\u00ebr t\u00eb b\u00ebr\u00eb t\u00eb mundur nj\u00eb or\u00eb e m\u00eb par\u00eb largimin e k\u00ebsaj   qeverie!<br \/>\nFaleminderit<\/p>\n","protected":false},"excerpt":{"rendered":"<p>Kjo ka qen\u00eb sinteza e fjal\u00ebs s\u00eb deputetit demokrat Isuf \u00c7elaj, n\u00eb seanc\u00ebn parlamentare t\u00eb djeshme. P\u00ebr m\u00eb shum\u00eb fjala e plot\u00eb: E nderuar drejtuese e seanc\u00ebs, T\u00eb nderuar qyetetar\u00eb, T\u00eb nderuar koleg \ud83d\udcccSot na \u00ebsht\u00eb paraqitur p\u00ebr miratim n\u00eb k\u00ebt\u00eb seanc\u00eb Ratifikimini Memorandumit midis Republik\u00ebs Shqip\u00ebris\u00eb dhe Mbret\u00ebris\u00eb s\u00eb Bashkuar t\u00eb Britanis\u00eb Madhe dhe [&hellip;]<\/p>\n","protected":false},"author":2,"featured_media":19321,"comment_status":"open","ping_status":"open","sticky":false,"template":"","format":"standard","meta":{"footnotes":""},"categories":[9],"tags":[27],"class_list":{"0":"post-19320","1":"post","2":"type-post","3":"status-publish","4":"format-standard","5":"has-post-thumbnail","7":"category-politika","8":"tag-lajme"},"_links":{"self":[{"href":"https:\/\/neutrale.al\/index.php\/wp-json\/wp\/v2\/posts\/19320","targetHints":{"allow":["GET"]}}],"collection":[{"href":"https:\/\/neutrale.al\/index.php\/wp-json\/wp\/v2\/posts"}],"about":[{"href":"https:\/\/neutrale.al\/index.php\/wp-json\/wp\/v2\/types\/post"}],"author":[{"embeddable":true,"href":"https:\/\/neutrale.al\/index.php\/wp-json\/wp\/v2\/users\/2"}],"replies":[{"embeddable":true,"href":"https:\/\/neutrale.al\/index.php\/wp-json\/wp\/v2\/comments?post=19320"}],"version-history":[{"count":1,"href":"https:\/\/neutrale.al\/index.php\/wp-json\/wp\/v2\/posts\/19320\/revisions"}],"predecessor-version":[{"id":19322,"href":"https:\/\/neutrale.al\/index.php\/wp-json\/wp\/v2\/posts\/19320\/revisions\/19322"}],"wp:featuredmedia":[{"embeddable":true,"href":"https:\/\/neutrale.al\/index.php\/wp-json\/wp\/v2\/media\/19321"}],"wp:attachment":[{"href":"https:\/\/neutrale.al\/index.php\/wp-json\/wp\/v2\/media?parent=19320"}],"wp:term":[{"taxonomy":"category","embeddable":true,"href":"https:\/\/neutrale.al\/index.php\/wp-json\/wp\/v2\/categories?post=19320"},{"taxonomy":"post_tag","embeddable":true,"href":"https:\/\/neutrale.al\/index.php\/wp-json\/wp\/v2\/tags?post=19320"}],"curies":[{"name":"wp","href":"https:\/\/api.w.org\/{rel}","templated":true}]}}