{"id":19315,"date":"2022-09-16T09:58:29","date_gmt":"2022-09-16T09:58:29","guid":{"rendered":"https:\/\/neutrale.al\/?p=19315"},"modified":"2022-09-16T09:58:29","modified_gmt":"2022-09-16T09:58:29","slug":"boci-pedagoget-jane-ne-proteste-per-dinjitetin-e-tyre","status":"publish","type":"post","link":"https:\/\/neutrale.al\/index.php\/2022\/09\/16\/boci-pedagoget-jane-ne-proteste-per-dinjitetin-e-tyre\/","title":{"rendered":"Bo\u00e7i: Pedagog\u00ebt jan\u00eb n\u00eb protest\u00eb p\u00ebr dinjitetin e tyre"},"content":{"rendered":"<p>Lu\u00e7iano Bo\u00e7i, n\u00ebnkryetar i PD-s\u00eb dhe profesor universiteti shpreh mb\u00ebshtetje p\u00ebr koleg\u00ebt e tij, pedagog\u00ebt e universiteteve.<\/p>\n<p>Ai shkruan n\u00eb &#8220;Facebook&#8221; se pedagog\u00ebt protestojn\u00eb p\u00ebr dinjitetin e tyre.<\/p>\n<p>Gjithashtu Bo\u00e7i, deklaron se PD-ja solidarizohet me ta dhe do t\u00eb jet\u00eb n\u00eb mb\u00ebshtetje t\u00eb k\u00ebrkesave t\u00eb tyre.<\/p>\n<p>Ja postimi:<\/p>\n<p>Pedagog\u00ebt jan\u00eb n\u00eb protest\u00eb p\u00ebr dinjitetin e tyre\ud83d\udc4f\ud83c\udffb<\/p>\n<p>\ud83d\udcccMb\u00ebshtes si deputet, por edhe si pedagog k\u00ebrkesat t\u00ebr\u00ebsisht legjitime t\u00eb pedagog\u00ebve dhe punonj\u00ebsve t\u00eb administrat\u00ebs s\u00eb universiteteve, q\u00eb sot protestuan te Fakulteti i Shkencave t\u00eb Natyr\u00ebs.<br \/>\nProtestuan, jo thjesht p\u00ebr paga m\u00eb t\u00eb larta, por p\u00ebr dinjitetin e tyre!<br \/>\nPrej 4 vitesh k\u00ebrkesat jan\u00eb mbi tryez\u00ebn e qeveris\u00eb dhe asgj\u00eb s\u2019ka ndryshuar! Vler\u00ebsoj maksimalisht k\u00ebt\u00eb protest\u00eb p\u00ebr dinjitet n\u00eb \u00e7do universitet t\u00eb Shqip\u00ebris\u00eb!<br \/>\nGabon kush i zhvler\u00ebson k\u00ebrkesat tyre!<\/p>\n<p><img loading=\"lazy\" loading=\"lazy\" decoding=\"async\" src=\"https:\/\/neutrale.al\/wp-content\/uploads\/2022\/09\/06E20F1B-3F3D-4971-BF39-72C7D554E507-300x169.jpeg\" alt=\"\" width=\"300\" height=\"169\" class=\"alignnone size-medium wp-image-19316\" srcset=\"https:\/\/neutrale.al\/wp-content\/uploads\/2022\/09\/06E20F1B-3F3D-4971-BF39-72C7D554E507-300x169.jpeg 300w, https:\/\/neutrale.al\/wp-content\/uploads\/2022\/09\/06E20F1B-3F3D-4971-BF39-72C7D554E507-768x432.jpeg 768w, https:\/\/neutrale.al\/wp-content\/uploads\/2022\/09\/06E20F1B-3F3D-4971-BF39-72C7D554E507-860x484.jpeg 860w, https:\/\/neutrale.al\/wp-content\/uploads\/2022\/09\/06E20F1B-3F3D-4971-BF39-72C7D554E507.jpeg 1024w\" sizes=\"auto, (max-width: 300px) 100vw, 300px\" \/><\/p>\n<p><img loading=\"lazy\" loading=\"lazy\" decoding=\"async\" src=\"https:\/\/neutrale.al\/wp-content\/uploads\/2022\/09\/205DC5B5-640F-4F2A-8B6C-D6571C21BC9D-300x209.jpeg\" alt=\"\" width=\"300\" height=\"209\" class=\"alignnone size-medium wp-image-19317\" srcset=\"https:\/\/neutrale.al\/wp-content\/uploads\/2022\/09\/205DC5B5-640F-4F2A-8B6C-D6571C21BC9D-300x209.jpeg 300w, https:\/\/neutrale.al\/wp-content\/uploads\/2022\/09\/205DC5B5-640F-4F2A-8B6C-D6571C21BC9D-768x534.jpeg 768w, https:\/\/neutrale.al\/wp-content\/uploads\/2022\/09\/205DC5B5-640F-4F2A-8B6C-D6571C21BC9D-860x598.jpeg 860w, https:\/\/neutrale.al\/wp-content\/uploads\/2022\/09\/205DC5B5-640F-4F2A-8B6C-D6571C21BC9D.jpeg 1024w\" sizes=\"auto, (max-width: 300px) 100vw, 300px\" \/><\/p>\n","protected":false},"excerpt":{"rendered":"<p>Lu\u00e7iano Bo\u00e7i, n\u00ebnkryetar i PD-s\u00eb dhe profesor universiteti shpreh mb\u00ebshtetje p\u00ebr koleg\u00ebt e tij, pedagog\u00ebt e universiteteve. Ai shkruan n\u00eb &#8220;Facebook&#8221; se pedagog\u00ebt protestojn\u00eb p\u00ebr dinjitetin e tyre. Gjithashtu Bo\u00e7i, deklaron se PD-ja solidarizohet me ta dhe do t\u00eb jet\u00eb n\u00eb mb\u00ebshtetje t\u00eb k\u00ebrkesave t\u00eb tyre. Ja postimi: Pedagog\u00ebt jan\u00eb n\u00eb protest\u00eb p\u00ebr dinjitetin e [&hellip;]<\/p>\n","protected":false},"author":2,"featured_media":19318,"comment_status":"open","ping_status":"open","sticky":false,"template":"","format":"standard","meta":{"footnotes":""},"categories":[9],"tags":[27],"class_list":{"0":"post-19315","1":"post","2":"type-post","3":"status-publish","4":"format-standard","5":"has-post-thumbnail","7":"category-politika","8":"tag-lajme"},"_links":{"self":[{"href":"https:\/\/neutrale.al\/index.php\/wp-json\/wp\/v2\/posts\/19315","targetHints":{"allow":["GET"]}}],"collection":[{"href":"https:\/\/neutrale.al\/index.php\/wp-json\/wp\/v2\/posts"}],"about":[{"href":"https:\/\/neutrale.al\/index.php\/wp-json\/wp\/v2\/types\/post"}],"author":[{"embeddable":true,"href":"https:\/\/neutrale.al\/index.php\/wp-json\/wp\/v2\/users\/2"}],"replies":[{"embeddable":true,"href":"https:\/\/neutrale.al\/index.php\/wp-json\/wp\/v2\/comments?post=19315"}],"version-history":[{"count":1,"href":"https:\/\/neutrale.al\/index.php\/wp-json\/wp\/v2\/posts\/19315\/revisions"}],"predecessor-version":[{"id":19319,"href":"https:\/\/neutrale.al\/index.php\/wp-json\/wp\/v2\/posts\/19315\/revisions\/19319"}],"wp:featuredmedia":[{"embeddable":true,"href":"https:\/\/neutrale.al\/index.php\/wp-json\/wp\/v2\/media\/19318"}],"wp:attachment":[{"href":"https:\/\/neutrale.al\/index.php\/wp-json\/wp\/v2\/media?parent=19315"}],"wp:term":[{"taxonomy":"category","embeddable":true,"href":"https:\/\/neutrale.al\/index.php\/wp-json\/wp\/v2\/categories?post=19315"},{"taxonomy":"post_tag","embeddable":true,"href":"https:\/\/neutrale.al\/index.php\/wp-json\/wp\/v2\/tags?post=19315"}],"curies":[{"name":"wp","href":"https:\/\/api.w.org\/{rel}","templated":true}]}}