{"id":19232,"date":"2022-09-15T19:10:23","date_gmt":"2022-09-15T19:10:23","guid":{"rendered":"https:\/\/neutrale.al\/?p=19232"},"modified":"2022-09-15T19:10:23","modified_gmt":"2022-09-15T19:10:23","slug":"kuvend-alibeaj-ketu-kercet-arma-ne-dubai-hapet-shampanja-a-ju-thote-gje-banda-e-durresit-po-e-elbasanit","status":"publish","type":"post","link":"https:\/\/neutrale.al\/index.php\/2022\/09\/15\/kuvend-alibeaj-ketu-kercet-arma-ne-dubai-hapet-shampanja-a-ju-thote-gje-banda-e-durresit-po-e-elbasanit\/","title":{"rendered":"Kuvend\/ Alibeaj: K\u00ebtu k\u00ebrcet arma, n\u00eb Dubai hapet shampanja. A ju thot\u00eb gj\u00eb banda e Durr\u00ebsit, po e Elbasanit ?"},"content":{"rendered":"<p>Enkelejd Alibeaj n\u00eb fjal\u00ebn e tij n\u00eb parlament ka k\u00ebrkuar nga qeveria q\u00eb t\u00eb arrihet marr\u00ebveshja e ekstradimit me Emiratet e Bashkuara.<br \/>\nAi tha se Dubai \u00ebsht\u00eb kthyer n\u00eb parasj\u00eb p\u00ebr grupet kriminale shqiptare.<br \/>\nGjithashtu n\u00eb fjal\u00ebn e tij ai citoi deputetin tjet\u00ebr demokrat, Ervin Salianjin, i cili pati deklaruar m\u00eb par\u00eb se k\u00ebtu k\u00ebrcet arma, n\u00eb Dubai hapet shampanja. Alibeaj tha se opozita do t\u00eb votoj\u00eb pro nj\u00eb marr\u00ebveshje t\u00eb till\u00eb.<\/p>\n<p>\u201cKy do t\u00eb jet\u00eb q\u00ebndrimi yn\u00eb p\u00ebr k\u00ebto marr\u00ebveshje. Duke qen\u00eb se jan\u00eb marr\u00ebveshje nd\u00ebrkomb\u00ebtare dy gj\u00ebra duhet t\u2019i themi. Dubai ju thot\u00eb gj\u00eb? Banda e Durr\u00ebsit ju thot\u00eb gj\u00eb? Banda e Elbasanit ju thot\u00eb gj\u00eb? Bandat n\u00eb k\u00ebt\u00eb vend kan\u00eb gjetur parajs\u00ebn e tyre n\u00eb Dubai.<\/p>\n<p>Ministrin e Brendsh\u00ebm e kuptoj q\u00eb thot\u00eb po un\u00eb e kam b\u00ebr\u00eb pun\u00ebn time kemi lidhur nj\u00eb marr\u00ebveshje. Nj\u00eb marr\u00ebveshje p\u00ebr shk\u00ebmbim t\u00eb dh\u00ebnash. T\u00eb dh\u00ebnat q\u00eb i ka kushdo sot n\u00eb internet. Kjo quhet arritje?! Arritje duhet t\u00eb ishte imazhi i Shqip\u00ebris\u00eb kur Emiratet e Bashkuara Arabe kan\u00eb k\u00ebrkuar nj\u00eb marr\u00ebveshje.<\/p>\n<p>Atyre u ka lindur nj\u00eb problem dhe kan\u00eb k\u00ebrkuar k\u00ebt\u00eb mar\u00ebveshje. E d\u00ebgjova ministrin e Drejt\u00ebsis\u00eb q\u00eb nuk tregoi nj\u00eb prov\u00eb t\u00eb vetme n\u00ebse ka k\u00ebrkuar marr\u00ebveshje ekstradimi me Emiratet e Bashkuara Arabe. Kjo tregon munges\u00eb vullneti p\u00ebr t\u00eb luftuar krimin. \u00cbsht\u00eb e v\u00ebrtet\u00eb ajo q\u00eb ka th\u00ebn Salianji. K\u00ebtu k\u00ebrcet atje hapet shampanja. Kjo \u00ebsht\u00eb k\u00ebmban\u00eb alarmi\u201d, deklaroi ai.<\/p>\n","protected":false},"excerpt":{"rendered":"<p>Enkelejd Alibeaj n\u00eb fjal\u00ebn e tij n\u00eb parlament ka k\u00ebrkuar nga qeveria q\u00eb t\u00eb arrihet marr\u00ebveshja e ekstradimit me Emiratet e Bashkuara. Ai tha se Dubai \u00ebsht\u00eb kthyer n\u00eb parasj\u00eb p\u00ebr grupet kriminale shqiptare. Gjithashtu n\u00eb fjal\u00ebn e tij ai citoi deputetin tjet\u00ebr demokrat, Ervin Salianjin, i cili pati deklaruar m\u00eb par\u00eb se k\u00ebtu k\u00ebrcet [&hellip;]<\/p>\n","protected":false},"author":2,"featured_media":19233,"comment_status":"open","ping_status":"open","sticky":false,"template":"","format":"standard","meta":{"footnotes":""},"categories":[118,9],"tags":[],"class_list":{"0":"post-19232","1":"post","2":"type-post","3":"status-publish","4":"format-standard","5":"has-post-thumbnail","7":"category-kryesore","8":"category-politika"},"_links":{"self":[{"href":"https:\/\/neutrale.al\/index.php\/wp-json\/wp\/v2\/posts\/19232","targetHints":{"allow":["GET"]}}],"collection":[{"href":"https:\/\/neutrale.al\/index.php\/wp-json\/wp\/v2\/posts"}],"about":[{"href":"https:\/\/neutrale.al\/index.php\/wp-json\/wp\/v2\/types\/post"}],"author":[{"embeddable":true,"href":"https:\/\/neutrale.al\/index.php\/wp-json\/wp\/v2\/users\/2"}],"replies":[{"embeddable":true,"href":"https:\/\/neutrale.al\/index.php\/wp-json\/wp\/v2\/comments?post=19232"}],"version-history":[{"count":1,"href":"https:\/\/neutrale.al\/index.php\/wp-json\/wp\/v2\/posts\/19232\/revisions"}],"predecessor-version":[{"id":19234,"href":"https:\/\/neutrale.al\/index.php\/wp-json\/wp\/v2\/posts\/19232\/revisions\/19234"}],"wp:featuredmedia":[{"embeddable":true,"href":"https:\/\/neutrale.al\/index.php\/wp-json\/wp\/v2\/media\/19233"}],"wp:attachment":[{"href":"https:\/\/neutrale.al\/index.php\/wp-json\/wp\/v2\/media?parent=19232"}],"wp:term":[{"taxonomy":"category","embeddable":true,"href":"https:\/\/neutrale.al\/index.php\/wp-json\/wp\/v2\/categories?post=19232"},{"taxonomy":"post_tag","embeddable":true,"href":"https:\/\/neutrale.al\/index.php\/wp-json\/wp\/v2\/tags?post=19232"}],"curies":[{"name":"wp","href":"https:\/\/api.w.org\/{rel}","templated":true}]}}