{"id":19221,"date":"2022-09-15T18:32:26","date_gmt":"2022-09-15T18:32:26","guid":{"rendered":"https:\/\/neutrale.al\/?p=19221"},"modified":"2022-09-15T18:32:26","modified_gmt":"2022-09-15T18:32:26","slug":"ilir-meta-rama-eshte-frikesuar-per-pak-muaj-marrim-ne-dore-te-gjitha-bashkite","status":"publish","type":"post","link":"https:\/\/neutrale.al\/index.php\/2022\/09\/15\/ilir-meta-rama-eshte-frikesuar-per-pak-muaj-marrim-ne-dore-te-gjitha-bashkite\/","title":{"rendered":"Ilir Meta : Rama \u00ebsht\u00eb frik\u00ebsuar , p\u00ebr pak muaj marrim n\u00eb dor\u00eb t\u00eb gjitha bashkit\u00eb"},"content":{"rendered":"<p>\u201c\u00cbsht\u00eb k\u00ebnaq\u00ebsi q\u00eb t\u00eb takohemi sot pik\u00ebrisht vet\u00ebm pak muaj q\u00eb na ndajn\u00eb nga rikthimi i bashkive n\u00eb duart e qytetar\u00ebve t\u00eb Shqip\u00ebris\u00eb dhe nga rikthimi i Bashkis\u00eb s\u00eb Tiran\u00ebs n\u00eb dor\u00ebn e qytetar\u00ebve t\u00eb Tiran\u00ebs. Edhe pak muaj p\u00ebr t\u2019i dh\u00ebn\u00eb fund marr\u00ebzis\u00eb s\u00eb Lulushit q\u00eb i fali gjith\u00eb bashkit\u00eb dhe k\u00ebshillat e Shqip\u00ebris\u00eb Edi Ram\u00ebs.<\/p>\n<p>Nuk \u00ebsht\u00eb thjesht problemi i parave, ishin ruse nuk ishin ruse at\u00eb ta zgjidhin amerikan\u00ebt dhe ta sqaroj\u00eb dhe PD q\u00eb \u00ebsht\u00eb cenuar padrejt\u00ebsisht nga nj\u00eb veprim i till\u00eb se \u00ebsht\u00eb nj\u00eb parti proper\u00ebndimore dhe komb\u00ebtare. Problemi \u00ebsht\u00eb se u p\u00ebrdor kjo afer\u00eb p\u00ebr t\u00eb krijuar modelin rus t\u00eb qeveris\u00eb dhe kapjes s\u00eb shtetit si\u00e7 \u00ebsht\u00eb sot, modeli i Edi Ram\u00ebs.<\/p>\n<p>U p\u00ebrdor nj\u00eb afer\u00eb p\u00ebr t\u00eb provokuar opozit\u00ebn p\u00ebr t\u2019ia l\u00ebn\u00eb parlamentin dhe institucionet e pavarura Edi Ram\u00ebs. Ishte pik\u00ebrisht kjo afer\u00eb q\u00eb ia fali t\u00eb gjitha bashkit\u00eb dhe k\u00ebshillat bashkiak\u00eb Edi Ram\u00ebs q\u00eb t\u00eb b\u00ebj\u00eb si i do qejfi n\u00eb Tiran\u00eb dhe gjith\u00eb Shqip\u00ebrin\u00eb. E pra, kjo koh\u00eb p\u00ebrfundoi, ndaj Edi Ram\u00ebs i \u00ebsht\u00eb futur frika n\u00eb palc\u00eb\u201d, u shpreh Ilir Meta.<\/p>\n","protected":false},"excerpt":{"rendered":"<p>\u201c\u00cbsht\u00eb k\u00ebnaq\u00ebsi q\u00eb t\u00eb takohemi sot pik\u00ebrisht vet\u00ebm pak muaj q\u00eb na ndajn\u00eb nga rikthimi i bashkive n\u00eb duart e qytetar\u00ebve t\u00eb Shqip\u00ebris\u00eb dhe nga rikthimi i Bashkis\u00eb s\u00eb Tiran\u00ebs n\u00eb dor\u00ebn e qytetar\u00ebve t\u00eb Tiran\u00ebs. Edhe pak muaj p\u00ebr t\u2019i dh\u00ebn\u00eb fund marr\u00ebzis\u00eb s\u00eb Lulushit q\u00eb i fali gjith\u00eb bashkit\u00eb dhe k\u00ebshillat e Shqip\u00ebris\u00eb [&hellip;]<\/p>\n","protected":false},"author":2,"featured_media":19223,"comment_status":"open","ping_status":"open","sticky":false,"template":"","format":"standard","meta":{"footnotes":""},"categories":[9],"tags":[27],"class_list":{"0":"post-19221","1":"post","2":"type-post","3":"status-publish","4":"format-standard","5":"has-post-thumbnail","7":"category-politika","8":"tag-lajme"},"_links":{"self":[{"href":"https:\/\/neutrale.al\/index.php\/wp-json\/wp\/v2\/posts\/19221","targetHints":{"allow":["GET"]}}],"collection":[{"href":"https:\/\/neutrale.al\/index.php\/wp-json\/wp\/v2\/posts"}],"about":[{"href":"https:\/\/neutrale.al\/index.php\/wp-json\/wp\/v2\/types\/post"}],"author":[{"embeddable":true,"href":"https:\/\/neutrale.al\/index.php\/wp-json\/wp\/v2\/users\/2"}],"replies":[{"embeddable":true,"href":"https:\/\/neutrale.al\/index.php\/wp-json\/wp\/v2\/comments?post=19221"}],"version-history":[{"count":1,"href":"https:\/\/neutrale.al\/index.php\/wp-json\/wp\/v2\/posts\/19221\/revisions"}],"predecessor-version":[{"id":19224,"href":"https:\/\/neutrale.al\/index.php\/wp-json\/wp\/v2\/posts\/19221\/revisions\/19224"}],"wp:featuredmedia":[{"embeddable":true,"href":"https:\/\/neutrale.al\/index.php\/wp-json\/wp\/v2\/media\/19223"}],"wp:attachment":[{"href":"https:\/\/neutrale.al\/index.php\/wp-json\/wp\/v2\/media?parent=19221"}],"wp:term":[{"taxonomy":"category","embeddable":true,"href":"https:\/\/neutrale.al\/index.php\/wp-json\/wp\/v2\/categories?post=19221"},{"taxonomy":"post_tag","embeddable":true,"href":"https:\/\/neutrale.al\/index.php\/wp-json\/wp\/v2\/tags?post=19221"}],"curies":[{"name":"wp","href":"https:\/\/api.w.org\/{rel}","templated":true}]}}