{"id":19202,"date":"2022-09-15T16:29:29","date_gmt":"2022-09-15T16:29:29","guid":{"rendered":"https:\/\/neutrale.al\/?p=19202"},"modified":"2022-09-15T16:29:29","modified_gmt":"2022-09-15T16:29:29","slug":"kuvend-harron-qe-eshte-deputete-felaj-fyen-tabakun-je-grifshe","status":"publish","type":"post","link":"https:\/\/neutrale.al\/index.php\/2022\/09\/15\/kuvend-harron-qe-eshte-deputete-felaj-fyen-tabakun-je-grifshe\/","title":{"rendered":"Kuvend\/ Harron q\u00eb \u00ebsht\u00eb deputete, Felaj fyen Tabakun: &#8220;Je grifsh\u00eb&#8221;"},"content":{"rendered":"<p>\u00cbsht\u00eb nd\u00ebrprer\u00eb me dy minuta seanca plenare n\u00eb Kuvend, pasi kryesuesja e seanc\u00ebs, Ermonela Felaj, i ka nd\u00ebrprer\u00eb fjal\u00ebn e k\u00ebrkuar p\u00ebr procedur\u00eb nga deputetja Jorida Tabaku duke ofenduar k\u00ebt\u00eb t\u00eb fundit \u201cgrifsh\u00eb\u201d.<\/p>\n<p>Tabaku:\u00a0Zonja kyesuese e seanc\u00ebs dua t\u00eb t\u00ebrheq v\u00ebmendjen ju dhe grupit t\u00eb PS. (i nd\u00ebrpritet fjala nga Felaj)<\/p>\n<p>Felaj:\u00a0Zonja Tabaku nuk jeni ende n\u00eb kushtet q\u00eb mund t\u2019i t\u00ebrhiqni v\u00ebmendjen dikujt p\u00ebr fjal\u00ebn\u2026p\u00ebr sa koh\u00eb nuk silleni me etik\u00eb p\u00ebr koleg\u00ebt, por si grifsh\u00eb nuk mund ta keni fjal\u00ebn.<\/p>\n<p><img loading=\"lazy\" loading=\"lazy\" decoding=\"async\" src=\"https:\/\/neutrale.al\/wp-content\/uploads\/2022\/09\/6C10E0AF-EB68-4D59-8789-C62BFF3EA836-300x167.jpeg\" alt=\"\" width=\"300\" height=\"167\" class=\"alignnone size-medium wp-image-19203\" srcset=\"https:\/\/neutrale.al\/wp-content\/uploads\/2022\/09\/6C10E0AF-EB68-4D59-8789-C62BFF3EA836-300x167.jpeg 300w, https:\/\/neutrale.al\/wp-content\/uploads\/2022\/09\/6C10E0AF-EB68-4D59-8789-C62BFF3EA836-768x427.jpeg 768w, https:\/\/neutrale.al\/wp-content\/uploads\/2022\/09\/6C10E0AF-EB68-4D59-8789-C62BFF3EA836.jpeg 770w\" sizes=\"auto, (max-width: 300px) 100vw, 300px\" \/><\/p>\n","protected":false},"excerpt":{"rendered":"<p>\u00cbsht\u00eb nd\u00ebrprer\u00eb me dy minuta seanca plenare n\u00eb Kuvend, pasi kryesuesja e seanc\u00ebs, Ermonela Felaj, i ka nd\u00ebrprer\u00eb fjal\u00ebn e k\u00ebrkuar p\u00ebr procedur\u00eb nga deputetja Jorida Tabaku duke ofenduar k\u00ebt\u00eb t\u00eb fundit \u201cgrifsh\u00eb\u201d. Tabaku:\u00a0Zonja kyesuese e seanc\u00ebs dua t\u00eb t\u00ebrheq v\u00ebmendjen ju dhe grupit t\u00eb PS. (i nd\u00ebrpritet fjala nga Felaj) Felaj:\u00a0Zonja Tabaku nuk jeni [&hellip;]<\/p>\n","protected":false},"author":2,"featured_media":19204,"comment_status":"open","ping_status":"open","sticky":false,"template":"","format":"standard","meta":{"footnotes":""},"categories":[118,9],"tags":[],"class_list":{"0":"post-19202","1":"post","2":"type-post","3":"status-publish","4":"format-standard","5":"has-post-thumbnail","7":"category-kryesore","8":"category-politika"},"_links":{"self":[{"href":"https:\/\/neutrale.al\/index.php\/wp-json\/wp\/v2\/posts\/19202","targetHints":{"allow":["GET"]}}],"collection":[{"href":"https:\/\/neutrale.al\/index.php\/wp-json\/wp\/v2\/posts"}],"about":[{"href":"https:\/\/neutrale.al\/index.php\/wp-json\/wp\/v2\/types\/post"}],"author":[{"embeddable":true,"href":"https:\/\/neutrale.al\/index.php\/wp-json\/wp\/v2\/users\/2"}],"replies":[{"embeddable":true,"href":"https:\/\/neutrale.al\/index.php\/wp-json\/wp\/v2\/comments?post=19202"}],"version-history":[{"count":1,"href":"https:\/\/neutrale.al\/index.php\/wp-json\/wp\/v2\/posts\/19202\/revisions"}],"predecessor-version":[{"id":19205,"href":"https:\/\/neutrale.al\/index.php\/wp-json\/wp\/v2\/posts\/19202\/revisions\/19205"}],"wp:featuredmedia":[{"embeddable":true,"href":"https:\/\/neutrale.al\/index.php\/wp-json\/wp\/v2\/media\/19204"}],"wp:attachment":[{"href":"https:\/\/neutrale.al\/index.php\/wp-json\/wp\/v2\/media?parent=19202"}],"wp:term":[{"taxonomy":"category","embeddable":true,"href":"https:\/\/neutrale.al\/index.php\/wp-json\/wp\/v2\/categories?post=19202"},{"taxonomy":"post_tag","embeddable":true,"href":"https:\/\/neutrale.al\/index.php\/wp-json\/wp\/v2\/tags?post=19202"}],"curies":[{"name":"wp","href":"https:\/\/api.w.org\/{rel}","templated":true}]}}