{"id":19199,"date":"2022-09-15T16:06:04","date_gmt":"2022-09-15T16:06:04","guid":{"rendered":"https:\/\/neutrale.al\/?p=19199"},"modified":"2022-09-15T16:06:04","modified_gmt":"2022-09-15T16:06:04","slug":"krete-babai-rreh-vajzen-17-vjecare-me-tub-gome-prangoset-nga-policia","status":"publish","type":"post","link":"https:\/\/neutrale.al\/index.php\/2022\/09\/15\/krete-babai-rreh-vajzen-17-vjecare-me-tub-gome-prangoset-nga-policia\/","title":{"rendered":"Kret\u00eb\/ Babai rreh vajz\u00ebn 17 vje\u00e7are me tub gome, prangoset nga policia"},"content":{"rendered":"<p>\u201cDoja t\u00eb flisja, por prind\u00ebrit m\u00eb k\u00ebrc\u00ebnuan\u201d thot\u00eb 17-vje\u00e7arja q\u00eb u rrah nga babai i saj \u201cBulisti\u201d 52-vje\u00e7ari q\u00eb rrahu vajz\u00ebn e tij, mbahet deri n\u00eb falje \u2013 Sulmoi edhe polic\u00ebt<\/p>\n<p>52-vje\u00e7ari, i cili p\u00ebrballet me akuz\u00ebn e dhun\u00ebs n\u00eb familje, l\u00ebndimit t\u00eb thjesht\u00eb trupor dhe kund\u00ebrshtimit t\u00eb autoritetit, ka k\u00ebrkuar dhe ka marr\u00eb afat p\u00ebr t\u00eb k\u00ebrkuar falje. Prokurori ka sugjeruar q\u00eb 52-vje\u00e7ari t\u00eb q\u00ebndroj\u00eb n\u00eb paraburgim, k\u00ebrkes\u00eb e cila u pranua nga gjykata.<\/p>\n<p>N\u00eb t\u00eb nj\u00ebjt\u00ebn koh\u00eb, 17-vje\u00e7arja ka folur p\u00ebr Alpha-n p\u00ebr ngjarjen, por edhe p\u00ebr makthin q\u00eb ka p\u00ebrjetuar ajo dhe v\u00ebllez\u00ebrit e motrat gjat\u00eb gjith\u00eb k\u00ebtyre viteve: \u201cM\u00ebsova her\u00ebt. Babai m\u00eb ka th\u00ebn\u00eb q\u00eb t\u00eb vij direkt kur t\u00eb studioj. Edhe un\u00eb u vonova&#8230; Ka ndodhur shum\u00eb her\u00eb q\u00eb jam von\u00eb dhe kjo \u00ebsht\u00eb arsye q\u00eb ai t\u00eb m\u00eb godas\u00eb. Ai m\u00eb ka goditur q\u00eb n\u00eb mosh\u00ebn pes\u00ebvje\u00e7are, ka goditur edhe v\u00ebllez\u00ebrit e mi. Gjeta guximin te flas&#8230;. Isha ne kuzhine dhe ai filloi te me shante. M\u00eb kapi paniku dhe fillova t\u00eb vrapoj. E vetmja shp\u00ebtim p\u00ebr mua \u00ebsht\u00eb ballkoni, sepse kur dal n\u00eb ballkon ai ndalon. Por nuk u ndal. Ai po m\u00eb godiste n\u00eb krah me nj\u00eb gom\u00eb t\u00eb zez\u00eb t\u00eb fort\u00eb, si nj\u00eb glop. N\u00ebna ime nuk b\u00ebri asgj\u00eb.<br \/>\n Ndonj\u00ebher\u00eb ajo i thot\u00eb t\u00eb ndaloj\u00eb&#8230;&#8221; shkruan protothema.gr<\/p>\n","protected":false},"excerpt":{"rendered":"<p>\u201cDoja t\u00eb flisja, por prind\u00ebrit m\u00eb k\u00ebrc\u00ebnuan\u201d thot\u00eb 17-vje\u00e7arja q\u00eb u rrah nga babai i saj \u201cBulisti\u201d 52-vje\u00e7ari q\u00eb rrahu vajz\u00ebn e tij, mbahet deri n\u00eb falje \u2013 Sulmoi edhe polic\u00ebt 52-vje\u00e7ari, i cili p\u00ebrballet me akuz\u00ebn e dhun\u00ebs n\u00eb familje, l\u00ebndimit t\u00eb thjesht\u00eb trupor dhe kund\u00ebrshtimit t\u00eb autoritetit, ka k\u00ebrkuar dhe ka marr\u00eb afat [&hellip;]<\/p>\n","protected":false},"author":2,"featured_media":19200,"comment_status":"open","ping_status":"open","sticky":false,"template":"","format":"standard","meta":{"footnotes":""},"categories":[6],"tags":[27],"class_list":{"0":"post-19199","1":"post","2":"type-post","3":"status-publish","4":"format-standard","5":"has-post-thumbnail","7":"category-rajoni","8":"tag-lajme"},"_links":{"self":[{"href":"https:\/\/neutrale.al\/index.php\/wp-json\/wp\/v2\/posts\/19199","targetHints":{"allow":["GET"]}}],"collection":[{"href":"https:\/\/neutrale.al\/index.php\/wp-json\/wp\/v2\/posts"}],"about":[{"href":"https:\/\/neutrale.al\/index.php\/wp-json\/wp\/v2\/types\/post"}],"author":[{"embeddable":true,"href":"https:\/\/neutrale.al\/index.php\/wp-json\/wp\/v2\/users\/2"}],"replies":[{"embeddable":true,"href":"https:\/\/neutrale.al\/index.php\/wp-json\/wp\/v2\/comments?post=19199"}],"version-history":[{"count":1,"href":"https:\/\/neutrale.al\/index.php\/wp-json\/wp\/v2\/posts\/19199\/revisions"}],"predecessor-version":[{"id":19201,"href":"https:\/\/neutrale.al\/index.php\/wp-json\/wp\/v2\/posts\/19199\/revisions\/19201"}],"wp:featuredmedia":[{"embeddable":true,"href":"https:\/\/neutrale.al\/index.php\/wp-json\/wp\/v2\/media\/19200"}],"wp:attachment":[{"href":"https:\/\/neutrale.al\/index.php\/wp-json\/wp\/v2\/media?parent=19199"}],"wp:term":[{"taxonomy":"category","embeddable":true,"href":"https:\/\/neutrale.al\/index.php\/wp-json\/wp\/v2\/categories?post=19199"},{"taxonomy":"post_tag","embeddable":true,"href":"https:\/\/neutrale.al\/index.php\/wp-json\/wp\/v2\/tags?post=19199"}],"curies":[{"name":"wp","href":"https:\/\/api.w.org\/{rel}","templated":true}]}}