{"id":19193,"date":"2022-09-15T15:46:03","date_gmt":"2022-09-15T15:46:03","guid":{"rendered":"https:\/\/neutrale.al\/?p=19193"},"modified":"2022-09-15T15:46:03","modified_gmt":"2022-09-15T15:46:03","slug":"itali-policja-u-vetevra-me-armen-e-sherbimit-familjaret-dhurojne-organet","status":"publish","type":"post","link":"https:\/\/neutrale.al\/index.php\/2022\/09\/15\/itali-policja-u-vetevra-me-armen-e-sherbimit-familjaret-dhurojne-organet\/","title":{"rendered":"Itali\/ Policja u vet\u00ebvra me arm\u00ebn e sh\u00ebrbimit, familjar\u00ebt dhurojn\u00eb organet."},"content":{"rendered":"<p>Familjar\u00ebt kan\u00eb vendosur q\u00eb t\u00eb dhurojn\u00eb organet e polices 46-vje\u00e7are n\u00eb Verona e cila u vet\u00ebvra me pistolet\u00ebn e sh\u00ebrbimit n\u00eb komisariat. Ngjarja ndodhi n\u00eb komisariatin e Lungadige Galtarossa, nd\u00ebrsa oficerja e policis\u00eb la pas nj\u00eb djal\u00eb 5 vje\u00e7.<\/p>\n<p>Nj\u00eb koleg q\u00eb tentoi ta shp\u00ebtonte, gjeti trupin e agjentes, e cili ka nj\u00eb djal\u00eb 5-vje\u00e7ar.<br \/>\nM\u00eb pas nxitimi p\u00ebr n\u00eb spitalin Borgo Trento, ku mjek\u00ebt b\u00ebn\u00eb gjith\u00e7ka p\u00ebr ta shp\u00ebtuar, por n\u00eb fund iu desh t\u00eb deklaronin trurin e saj t\u00eb vdekur.<\/p>\n<p>Dit\u00ebn e sotme, si\u00e7 raportojn\u00eb mediat n\u00eb vend, komisarja e policis\u00eb s\u00eb Veron\u00ebs, Ivana Petricca, shprehu ngush\u00ebllimet p\u00ebr ndarjen nga jeta t\u00eb 46-vje\u00e7ares. Nj\u00eb kolegu i saj tentoi q\u00eb ta shp\u00ebtonte dhe e transportoi n\u00eb spitalin Borgo Trento, ku mjek\u00ebt b\u00ebn\u00eb gjith\u00e7ka p\u00ebr ta shp\u00ebtuar. Megjithat\u00eb ajo nuk ia doli.<\/p>\n<p>Mediat n\u00eb vend raportojn\u00eb se nj\u00eb episod i ngjash\u00ebm ndodhi muajin e kaluar n\u00eb selin\u00eb e policis\u00eb s\u00eb Veron\u00ebs ku nj\u00eb 37-vje\u00e7ar vrau veten me nj\u00eb pistolet\u00eb sh\u00ebrbimi m\u00eb 18 gusht.<\/p>\n","protected":false},"excerpt":{"rendered":"<p>Familjar\u00ebt kan\u00eb vendosur q\u00eb t\u00eb dhurojn\u00eb organet e polices 46-vje\u00e7are n\u00eb Verona e cila u vet\u00ebvra me pistolet\u00ebn e sh\u00ebrbimit n\u00eb komisariat. Ngjarja ndodhi n\u00eb komisariatin e Lungadige Galtarossa, nd\u00ebrsa oficerja e policis\u00eb la pas nj\u00eb djal\u00eb 5 vje\u00e7. Nj\u00eb koleg q\u00eb tentoi ta shp\u00ebtonte, gjeti trupin e agjentes, e cili ka nj\u00eb djal\u00eb 5-vje\u00e7ar. [&hellip;]<\/p>\n","protected":false},"author":2,"featured_media":19194,"comment_status":"open","ping_status":"open","sticky":false,"template":"","format":"standard","meta":{"footnotes":""},"categories":[12],"tags":[27],"class_list":{"0":"post-19193","1":"post","2":"type-post","3":"status-publish","4":"format-standard","5":"has-post-thumbnail","7":"category-bota","8":"tag-lajme"},"_links":{"self":[{"href":"https:\/\/neutrale.al\/index.php\/wp-json\/wp\/v2\/posts\/19193","targetHints":{"allow":["GET"]}}],"collection":[{"href":"https:\/\/neutrale.al\/index.php\/wp-json\/wp\/v2\/posts"}],"about":[{"href":"https:\/\/neutrale.al\/index.php\/wp-json\/wp\/v2\/types\/post"}],"author":[{"embeddable":true,"href":"https:\/\/neutrale.al\/index.php\/wp-json\/wp\/v2\/users\/2"}],"replies":[{"embeddable":true,"href":"https:\/\/neutrale.al\/index.php\/wp-json\/wp\/v2\/comments?post=19193"}],"version-history":[{"count":1,"href":"https:\/\/neutrale.al\/index.php\/wp-json\/wp\/v2\/posts\/19193\/revisions"}],"predecessor-version":[{"id":19195,"href":"https:\/\/neutrale.al\/index.php\/wp-json\/wp\/v2\/posts\/19193\/revisions\/19195"}],"wp:featuredmedia":[{"embeddable":true,"href":"https:\/\/neutrale.al\/index.php\/wp-json\/wp\/v2\/media\/19194"}],"wp:attachment":[{"href":"https:\/\/neutrale.al\/index.php\/wp-json\/wp\/v2\/media?parent=19193"}],"wp:term":[{"taxonomy":"category","embeddable":true,"href":"https:\/\/neutrale.al\/index.php\/wp-json\/wp\/v2\/categories?post=19193"},{"taxonomy":"post_tag","embeddable":true,"href":"https:\/\/neutrale.al\/index.php\/wp-json\/wp\/v2\/tags?post=19193"}],"curies":[{"name":"wp","href":"https:\/\/api.w.org\/{rel}","templated":true}]}}