{"id":19147,"date":"2022-09-15T12:36:31","date_gmt":"2022-09-15T12:36:31","guid":{"rendered":"https:\/\/neutrale.al\/?p=19147"},"modified":"2022-09-15T12:36:31","modified_gmt":"2022-09-15T12:36:31","slug":"meta-mbrojtja-e-demokracise-eshte-detyre-patriotike","status":"publish","type":"post","link":"https:\/\/neutrale.al\/index.php\/2022\/09\/15\/meta-mbrojtja-e-demokracise-eshte-detyre-patriotike\/","title":{"rendered":"Meta: Mbrojtja e demokracis\u00eb \u00ebsht\u00eb detyr\u00eb patriotike !"},"content":{"rendered":"<p>K\u00ebshtu shkruan ish presidenti Ilir Meta n\u00eb rrjetet sociale.<br \/>\nAi e shoq\u00ebron postimin e tij me nj\u00eb foto t\u00eb Azem Hajdarit n\u00eb takimin e student\u00ebve me Ramiz Alin\u00eb n\u00eb dhjetor 1990.<\/p>\n<p>Ja postimi:<\/p>\n<p>Mbrojtja e demokracis\u00eb \u00ebsht\u00eb sot nj\u00eb detyr\u00eb patriotike. Zgjidhja nuk \u00ebsht\u00eb largimi nga vendi, as n\u00ebnshtrimi, por p\u00ebrballja me t\u00eb keqen, q\u00eb ka kapur p\u00ebr fyti Shqip\u00ebrin\u00eb!<br \/>\nDita Nd\u00ebrkomb\u00ebtare e Demokracis\u00eb na gjen sot n\u00eb betej\u00eb dhe n\u00eb krye t\u00eb misionit t\u00eb p\u00ebrbashk\u00ebt historik: T\u00eb shp\u00ebtojm\u00eb demokracin\u00eb nga pengmarrja e nj\u00eb pakice t\u00eb inkriminuar dhe t\u00eb korruptuar!<br \/>\nKjo \u00ebsht\u00eb beteja jon\u00eb, e njer\u00ebzve t\u00eb lir\u00eb, t\u00eb ndersh\u00ebm dhe pun\u00ebtor\u00eb, e rinis\u00eb ton\u00eb t\u00eb mrekullueshme! Koha nuk pret! Demokracia, Liria dhe Dinjiteti Njer\u00ebzor jan\u00eb t\u00eb panegociueshme! \u270c\ufe0f\ud83c\udde6\ud83c\uddf1<\/p>\n<p><img loading=\"lazy\" loading=\"lazy\" decoding=\"async\" src=\"https:\/\/neutrale.al\/wp-content\/uploads\/2022\/09\/88EBA40B-CE57-4272-9919-41383D3E6A2F-300x166.jpeg\" alt=\"\" width=\"300\" height=\"166\" class=\"alignnone size-medium wp-image-19148\" srcset=\"https:\/\/neutrale.al\/wp-content\/uploads\/2022\/09\/88EBA40B-CE57-4272-9919-41383D3E6A2F-300x166.jpeg 300w, https:\/\/neutrale.al\/wp-content\/uploads\/2022\/09\/88EBA40B-CE57-4272-9919-41383D3E6A2F-768x426.jpeg 768w, https:\/\/neutrale.al\/wp-content\/uploads\/2022\/09\/88EBA40B-CE57-4272-9919-41383D3E6A2F-860x477.jpeg 860w, https:\/\/neutrale.al\/wp-content\/uploads\/2022\/09\/88EBA40B-CE57-4272-9919-41383D3E6A2F.jpeg 960w\" sizes=\"auto, (max-width: 300px) 100vw, 300px\" \/><\/p>\n","protected":false},"excerpt":{"rendered":"<p>K\u00ebshtu shkruan ish presidenti Ilir Meta n\u00eb rrjetet sociale. Ai e shoq\u00ebron postimin e tij me nj\u00eb foto t\u00eb Azem Hajdarit n\u00eb takimin e student\u00ebve me Ramiz Alin\u00eb n\u00eb dhjetor 1990. Ja postimi: Mbrojtja e demokracis\u00eb \u00ebsht\u00eb sot nj\u00eb detyr\u00eb patriotike. Zgjidhja nuk \u00ebsht\u00eb largimi nga vendi, as n\u00ebnshtrimi, por p\u00ebrballja me t\u00eb keqen, q\u00eb [&hellip;]<\/p>\n","protected":false},"author":2,"featured_media":19149,"comment_status":"open","ping_status":"open","sticky":false,"template":"","format":"standard","meta":{"footnotes":""},"categories":[9],"tags":[27],"class_list":{"0":"post-19147","1":"post","2":"type-post","3":"status-publish","4":"format-standard","5":"has-post-thumbnail","7":"category-politika","8":"tag-lajme"},"_links":{"self":[{"href":"https:\/\/neutrale.al\/index.php\/wp-json\/wp\/v2\/posts\/19147","targetHints":{"allow":["GET"]}}],"collection":[{"href":"https:\/\/neutrale.al\/index.php\/wp-json\/wp\/v2\/posts"}],"about":[{"href":"https:\/\/neutrale.al\/index.php\/wp-json\/wp\/v2\/types\/post"}],"author":[{"embeddable":true,"href":"https:\/\/neutrale.al\/index.php\/wp-json\/wp\/v2\/users\/2"}],"replies":[{"embeddable":true,"href":"https:\/\/neutrale.al\/index.php\/wp-json\/wp\/v2\/comments?post=19147"}],"version-history":[{"count":1,"href":"https:\/\/neutrale.al\/index.php\/wp-json\/wp\/v2\/posts\/19147\/revisions"}],"predecessor-version":[{"id":19150,"href":"https:\/\/neutrale.al\/index.php\/wp-json\/wp\/v2\/posts\/19147\/revisions\/19150"}],"wp:featuredmedia":[{"embeddable":true,"href":"https:\/\/neutrale.al\/index.php\/wp-json\/wp\/v2\/media\/19149"}],"wp:attachment":[{"href":"https:\/\/neutrale.al\/index.php\/wp-json\/wp\/v2\/media?parent=19147"}],"wp:term":[{"taxonomy":"category","embeddable":true,"href":"https:\/\/neutrale.al\/index.php\/wp-json\/wp\/v2\/categories?post=19147"},{"taxonomy":"post_tag","embeddable":true,"href":"https:\/\/neutrale.al\/index.php\/wp-json\/wp\/v2\/tags?post=19147"}],"curies":[{"name":"wp","href":"https:\/\/api.w.org\/{rel}","templated":true}]}}