{"id":19130,"date":"2022-09-15T10:19:20","date_gmt":"2022-09-15T10:19:20","guid":{"rendered":"https:\/\/neutrale.al\/?p=19130"},"modified":"2022-09-15T10:19:20","modified_gmt":"2022-09-15T10:19:20","slug":"hakerat-llogaria-zyrtare-e-suedise-ne-twitter-eshte-hakeruar","status":"publish","type":"post","link":"https:\/\/neutrale.al\/index.php\/2022\/09\/15\/hakerat-llogaria-zyrtare-e-suedise-ne-twitter-eshte-hakeruar\/","title":{"rendered":"Hakerat\/Llogaria zyrtare e Suedis\u00eb n\u00eb Twitter \u00ebsht\u00eb hakeruar."},"content":{"rendered":"<p>Llogaria zyrtare e Suedis\u00eb n\u00eb Twitter, @sweden, e cila menaxhohet nga Instituti Suedez, \u00ebsht\u00eb hakuar. \u201cInstituti Suedez nuk q\u00ebndron pas tweet-it q\u00eb u shp\u00ebrnda\u201d, shkruan vet\u00eb llogaria n\u00eb Twitter dhe autoriteti shkruan se \u201cNe jemi n\u00eb kontakt me Twitter dhe do ta raportojm\u00eb shkeljen n\u00eb polici\u201d.<br \/>\n\u201cLe t\u00eb shohim se sa af\u00ebr do t\u00eb luaj\u00eb Suedia tani n\u00eb duart e Putinit. Mos u largo shum\u00eb Magdalena Andersson, Suedia mund t\u00eb ket\u00eb nevoj\u00eb p\u00ebr ty m\u00eb shpejt nga sa mendon\u201d, thuhet n\u00eb postimin n\u00eb Twitter q\u00eb u shp\u00ebrnda nga llogaria zyrtare e Suedis\u00eb n\u00eb Twitter t\u00eb m\u00ebrkur\u00ebn n\u00eb mbr\u00ebmje.<\/p>\n<p>Llogaria, e cila drejtohet nga nj\u00eb agjenci qeveritare, p\u00ebrndryshe m\u00eb s\u00eb shumti poston foto t\u00eb bukura suedeze, postime p\u00ebr sezonin e kancerit, tradita t\u00eb tjera suedeze dhe triumfe sportive.<\/p>\n<p><img loading=\"lazy\" loading=\"lazy\" decoding=\"async\" src=\"https:\/\/neutrale.al\/wp-content\/uploads\/2022\/09\/9699A26C-7ACB-4E7E-A602-5CCE185309C5-300x249.jpeg\" alt=\"\" width=\"300\" height=\"249\" class=\"alignnone size-medium wp-image-19131\" srcset=\"https:\/\/neutrale.al\/wp-content\/uploads\/2022\/09\/9699A26C-7ACB-4E7E-A602-5CCE185309C5-300x249.jpeg 300w, https:\/\/neutrale.al\/wp-content\/uploads\/2022\/09\/9699A26C-7ACB-4E7E-A602-5CCE185309C5-768x638.jpeg 768w, https:\/\/neutrale.al\/wp-content\/uploads\/2022\/09\/9699A26C-7ACB-4E7E-A602-5CCE185309C5-860x714.jpeg 860w, https:\/\/neutrale.al\/wp-content\/uploads\/2022\/09\/9699A26C-7ACB-4E7E-A602-5CCE185309C5.jpeg 901w\" sizes=\"auto, (max-width: 300px) 100vw, 300px\" \/><\/p>\n","protected":false},"excerpt":{"rendered":"<p>Llogaria zyrtare e Suedis\u00eb n\u00eb Twitter, @sweden, e cila menaxhohet nga Instituti Suedez, \u00ebsht\u00eb hakuar. \u201cInstituti Suedez nuk q\u00ebndron pas tweet-it q\u00eb u shp\u00ebrnda\u201d, shkruan vet\u00eb llogaria n\u00eb Twitter dhe autoriteti shkruan se \u201cNe jemi n\u00eb kontakt me Twitter dhe do ta raportojm\u00eb shkeljen n\u00eb polici\u201d. \u201cLe t\u00eb shohim se sa af\u00ebr do t\u00eb luaj\u00eb [&hellip;]<\/p>\n","protected":false},"author":2,"featured_media":19132,"comment_status":"open","ping_status":"open","sticky":false,"template":"","format":"standard","meta":{"footnotes":""},"categories":[12,118],"tags":[],"class_list":{"0":"post-19130","1":"post","2":"type-post","3":"status-publish","4":"format-standard","5":"has-post-thumbnail","7":"category-bota","8":"category-kryesore"},"_links":{"self":[{"href":"https:\/\/neutrale.al\/index.php\/wp-json\/wp\/v2\/posts\/19130","targetHints":{"allow":["GET"]}}],"collection":[{"href":"https:\/\/neutrale.al\/index.php\/wp-json\/wp\/v2\/posts"}],"about":[{"href":"https:\/\/neutrale.al\/index.php\/wp-json\/wp\/v2\/types\/post"}],"author":[{"embeddable":true,"href":"https:\/\/neutrale.al\/index.php\/wp-json\/wp\/v2\/users\/2"}],"replies":[{"embeddable":true,"href":"https:\/\/neutrale.al\/index.php\/wp-json\/wp\/v2\/comments?post=19130"}],"version-history":[{"count":1,"href":"https:\/\/neutrale.al\/index.php\/wp-json\/wp\/v2\/posts\/19130\/revisions"}],"predecessor-version":[{"id":19133,"href":"https:\/\/neutrale.al\/index.php\/wp-json\/wp\/v2\/posts\/19130\/revisions\/19133"}],"wp:featuredmedia":[{"embeddable":true,"href":"https:\/\/neutrale.al\/index.php\/wp-json\/wp\/v2\/media\/19132"}],"wp:attachment":[{"href":"https:\/\/neutrale.al\/index.php\/wp-json\/wp\/v2\/media?parent=19130"}],"wp:term":[{"taxonomy":"category","embeddable":true,"href":"https:\/\/neutrale.al\/index.php\/wp-json\/wp\/v2\/categories?post=19130"},{"taxonomy":"post_tag","embeddable":true,"href":"https:\/\/neutrale.al\/index.php\/wp-json\/wp\/v2\/tags?post=19130"}],"curies":[{"name":"wp","href":"https:\/\/api.w.org\/{rel}","templated":true}]}}