{"id":19068,"date":"2022-09-15T08:10:25","date_gmt":"2022-09-15T08:10:25","guid":{"rendered":"https:\/\/neutrale.al\/?p=19068"},"modified":"2022-09-15T08:10:25","modified_gmt":"2022-09-15T08:10:25","slug":"tronditet-presidenti-ukrainas-me-cfare-sheh-ne-zonen-e-cliruar","status":"publish","type":"post","link":"https:\/\/neutrale.al\/index.php\/2022\/09\/15\/tronditet-presidenti-ukrainas-me-cfare-sheh-ne-zonen-e-cliruar\/","title":{"rendered":"Tronditet Presidenti Ukrainas me \u00e7far\u00eb sheh n\u00eb zon\u00ebn e \u00e7liruar"},"content":{"rendered":"<p>Zelenski futet n\u00eb Izyumin e \u00e7liruar, pritet me lot e p\u00ebrqafime.<\/p>\n<p>Presidenti i Ukrain\u00ebs, Volodymyr Zelensk, gjat\u00eb vizit\u00ebs s\u00eb sotme n\u00eb Izyum n\u00eb rajonin e Kharkiv u prit me p\u00ebrqafime e lot mall\u00ebngjimi nga banor\u00ebt q\u00eb gjeti atje.<\/p>\n<p>Ai tha se ishte i tronditur nga ajo q\u00eb pa n\u00eb qytet, nga e cila dy dit\u00eb m\u00eb par\u00eb ushtria ruse u t\u00ebrhoq.<\/p>\n<p>\u2013 Ajo q\u00eb po shohim \u00ebsht\u00eb trondit\u00ebse, megjith\u00ebse e kemi par\u00eb m\u00eb par\u00eb n\u00eb Bu\u00e7\u00eb, n\u00eb territoret e para t\u00eb deokupuara. Nd\u00ebrtesa t\u00eb shkat\u00ebrruara, njer\u00ebz t\u00eb vrar\u00eb. Fatkeq\u00ebsisht, k\u00ebto dit\u00eb jan\u00eb pjes\u00eb e historis\u00eb son\u00eb. \u00cbsht\u00eb gjithashtu nj\u00eb pjes\u00eb e kombit modern rus, ajo q\u00eb ata b\u00ebn\u00eb k\u00ebtu, theksoi Zelensky.<\/p>\n<p>Forcat ruse k\u00ebt\u00eb jav\u00eb \u00e7liruan Izyum, nj\u00eb qytet q\u00eb kishte qen\u00eb n\u00ebn pushtimin rus pothuajse q\u00eb nga fillimi i pushtimit. \u00cbsht\u00eb nj\u00eb qytet i r\u00ebnd\u00ebsish\u00ebm strategjik n\u00eb pjes\u00ebn lindore t\u00eb Ukrain\u00ebs, t\u00eb cilin Moska e p\u00ebrdori si pik\u00eb nga e cila d\u00ebrgonte p\u00ebrforcime n\u00eb frontin e Donbasit.<\/p>\n<p>Zelensky shtoi se \u00ebsht\u00eb i bindur se \u201ckriminel\u00ebt rus\u00eb t\u00eb luft\u00ebs do t\u00eb p\u00ebrballen me drejt\u00ebsin\u00eb\u201d.<\/p>\n<p>T\u00eb gjith\u00eb e kuptojm\u00eb q\u00eb ky \u00ebsht\u00eb nj\u00eb proces n\u00eb vazhdim, por jam i sigurt se do t\u00eb shohim gjykime p\u00ebr t\u00eb, se gjykata do t\u00eb b\u00ebj\u00eb t\u00eb vet\u00ebn. Nuk kam asnj\u00eb dyshim p\u00ebr k\u00ebt\u00eb, tha Zelenski.<\/p>\n<p>Ai shprehu besimin se t\u00eb gjitha territoret e pushtuara do t\u2019i kthehen Ukrain\u00ebs.<\/p>\n<p>\u201cD\u00ebshiroj t\u00eb d\u00ebrgoj nj\u00eb mesazh p\u00ebr t\u00eb gjith\u00eb njer\u00ebzit tan\u00eb q\u00eb, p\u00ebr fat t\u00eb keq, jan\u00eb ende n\u00ebn okupim, p\u00ebrfshir\u00eb popullin e Krimes\u00eb. Ne e dim\u00eb se njer\u00ebzit tan\u00eb atje, q\u00eb \u00ebsht\u00eb nj\u00eb tragjedi e madhe, jan\u00eb n\u00ebn okupim p\u00ebr m\u00eb shum\u00eb se tet\u00eb vjet. Ne do t\u00eb kthehemi n\u00eb Krime. Nuk e di sakt\u00ebsisht se kur, por ne kemi plane, theksoi Zelenski.<\/p>\n","protected":false},"excerpt":{"rendered":"<p>Zelenski futet n\u00eb Izyumin e \u00e7liruar, pritet me lot e p\u00ebrqafime. Presidenti i Ukrain\u00ebs, Volodymyr Zelensk, gjat\u00eb vizit\u00ebs s\u00eb sotme n\u00eb Izyum n\u00eb rajonin e Kharkiv u prit me p\u00ebrqafime e lot mall\u00ebngjimi nga banor\u00ebt q\u00eb gjeti atje. Ai tha se ishte i tronditur nga ajo q\u00eb pa n\u00eb qytet, nga e cila dy dit\u00eb [&hellip;]<\/p>\n","protected":false},"author":2,"featured_media":19069,"comment_status":"open","ping_status":"open","sticky":false,"template":"","format":"standard","meta":{"footnotes":""},"categories":[12],"tags":[27],"class_list":{"0":"post-19068","1":"post","2":"type-post","3":"status-publish","4":"format-standard","5":"has-post-thumbnail","7":"category-bota","8":"tag-lajme"},"_links":{"self":[{"href":"https:\/\/neutrale.al\/index.php\/wp-json\/wp\/v2\/posts\/19068","targetHints":{"allow":["GET"]}}],"collection":[{"href":"https:\/\/neutrale.al\/index.php\/wp-json\/wp\/v2\/posts"}],"about":[{"href":"https:\/\/neutrale.al\/index.php\/wp-json\/wp\/v2\/types\/post"}],"author":[{"embeddable":true,"href":"https:\/\/neutrale.al\/index.php\/wp-json\/wp\/v2\/users\/2"}],"replies":[{"embeddable":true,"href":"https:\/\/neutrale.al\/index.php\/wp-json\/wp\/v2\/comments?post=19068"}],"version-history":[{"count":1,"href":"https:\/\/neutrale.al\/index.php\/wp-json\/wp\/v2\/posts\/19068\/revisions"}],"predecessor-version":[{"id":19070,"href":"https:\/\/neutrale.al\/index.php\/wp-json\/wp\/v2\/posts\/19068\/revisions\/19070"}],"wp:featuredmedia":[{"embeddable":true,"href":"https:\/\/neutrale.al\/index.php\/wp-json\/wp\/v2\/media\/19069"}],"wp:attachment":[{"href":"https:\/\/neutrale.al\/index.php\/wp-json\/wp\/v2\/media?parent=19068"}],"wp:term":[{"taxonomy":"category","embeddable":true,"href":"https:\/\/neutrale.al\/index.php\/wp-json\/wp\/v2\/categories?post=19068"},{"taxonomy":"post_tag","embeddable":true,"href":"https:\/\/neutrale.al\/index.php\/wp-json\/wp\/v2\/tags?post=19068"}],"curies":[{"name":"wp","href":"https:\/\/api.w.org\/{rel}","templated":true}]}}