{"id":19056,"date":"2022-09-15T08:05:29","date_gmt":"2022-09-15T08:05:29","guid":{"rendered":"https:\/\/neutrale.al\/?p=19056"},"modified":"2022-09-15T08:05:29","modified_gmt":"2022-09-15T08:05:29","slug":"juventusi-pesoi-humbjen-e-dyte-ne-fazen-e-grupeve-te-champions-it-kapiteni-bonuci-i-meritonim-vershellimat","status":"publish","type":"post","link":"https:\/\/neutrale.al\/index.php\/2022\/09\/15\/juventusi-pesoi-humbjen-e-dyte-ne-fazen-e-grupeve-te-champions-it-kapiteni-bonuci-i-meritonim-vershellimat\/","title":{"rendered":"Juventusi p\u00ebsoi humbjen e dyt\u00eb n\u00eb faz\u00ebn e grupeve t\u00eb Champions-it. Kapiteni Bonu\u00e7i: i meritonim v\u00ebrsh\u00ebllimat&#8230;"},"content":{"rendered":"<p>Pas humbjes s\u00eb dyt\u00eb (1-2) ndaj Benfik\u00ebs s\u00eb Lisbon\u00ebs n\u00eb sht\u00ebpi, lojtar\u00ebt dhe stafi u v\u00ebrsh\u00ebllyen dhe u ofenduan r\u00ebnd\u00eb nga tifoz\u00ebt, t\u00eb cil\u00ebt mbet\u00ebn t\u00eb zhg\u00ebnjyer nga paraqitja e skuadr\u00ebs.\u00a0<br \/>\nPas ndeshjes nj\u00eb prononcim t\u00eb shkurt\u00ebr pati dhe nga kapiteni Bonu\u00e7i, q\u00eb u shpreh:<\/p>\n<p>\u201cV\u00ebrsh\u00ebllimat jan\u00eb t\u00eb drejta. Ka pak p\u00ebr t\u00eb th\u00ebn\u00eb. Ne kemi humbur nj\u00eb ndeshje q\u00eb absolutisht nuk duhet ta humbnim.<br \/>\n\u00cbsht\u00eb e drejt\u00eb q\u00eb te shahemi! Jam un\u00eb kapiteni q\u00eb e kam v\u00ebn\u00eb fytyr\u00ebn p\u00ebrpara. Po kalojm\u00eb nj\u00eb moment ku e kemi t\u00eb v\u00ebshtir\u00eb t\u00eb b\u00ebjm\u00eb gjith\u00e7ka.<\/p>\n<p>Jam i shqet\u00ebsuar, nuk ka asgj\u00eb p\u00ebr t\u00eb fshehur. Fatkeq\u00ebsisht, ne e l\u00ebm\u00eb loj\u00ebn shum\u00eb shpesh. Nuk e di pse dhe kjo \u00ebsht\u00eb gj\u00ebja q\u00eb m\u00eb shqet\u00ebson m\u00eb shum\u00eb. Ne luftojm\u00eb p\u00ebr t\u2019i mbajtur ndeshjet konstante.<br \/>\nTani ka pak p\u00ebr t\u00eb th\u00ebn\u00eb, thjesht duhet t\u00eb mbyllim goj\u00ebn, t\u00eb punojm\u00eb dhe t\u00eb shohim p\u00ebrpara.<\/p>\n<p>Un\u00eb mendoj se \u00ebsht\u00eb nj\u00eb situat\u00eb q\u00eb duhet ndryshuar, sigurisht. Kemi shum\u00eb lojtar\u00eb jasht\u00eb, kur gjithmon\u00eb luajn\u00eb t\u00eb nj\u00ebjt\u00ebt dhe ndjehet lodhja. \u00cbsht\u00eb faji i t\u00eb gjith\u00ebve\u201d, u shpreh Bonu\u00e7i.<\/p>\n","protected":false},"excerpt":{"rendered":"<p>Pas humbjes s\u00eb dyt\u00eb (1-2) ndaj Benfik\u00ebs s\u00eb Lisbon\u00ebs n\u00eb sht\u00ebpi, lojtar\u00ebt dhe stafi u v\u00ebrsh\u00ebllyen dhe u ofenduan r\u00ebnd\u00eb nga tifoz\u00ebt, t\u00eb cil\u00ebt mbet\u00ebn t\u00eb zhg\u00ebnjyer nga paraqitja e skuadr\u00ebs.\u00a0 Pas ndeshjes nj\u00eb prononcim t\u00eb shkurt\u00ebr pati dhe nga kapiteni Bonu\u00e7i, q\u00eb u shpreh: \u201cV\u00ebrsh\u00ebllimat jan\u00eb t\u00eb drejta. Ka pak p\u00ebr t\u00eb th\u00ebn\u00eb. Ne [&hellip;]<\/p>\n","protected":false},"author":2,"featured_media":19057,"comment_status":"open","ping_status":"open","sticky":false,"template":"","format":"standard","meta":{"footnotes":""},"categories":[104],"tags":[],"class_list":{"0":"post-19056","1":"post","2":"type-post","3":"status-publish","4":"format-standard","5":"has-post-thumbnail","7":"category-sport"},"_links":{"self":[{"href":"https:\/\/neutrale.al\/index.php\/wp-json\/wp\/v2\/posts\/19056","targetHints":{"allow":["GET"]}}],"collection":[{"href":"https:\/\/neutrale.al\/index.php\/wp-json\/wp\/v2\/posts"}],"about":[{"href":"https:\/\/neutrale.al\/index.php\/wp-json\/wp\/v2\/types\/post"}],"author":[{"embeddable":true,"href":"https:\/\/neutrale.al\/index.php\/wp-json\/wp\/v2\/users\/2"}],"replies":[{"embeddable":true,"href":"https:\/\/neutrale.al\/index.php\/wp-json\/wp\/v2\/comments?post=19056"}],"version-history":[{"count":1,"href":"https:\/\/neutrale.al\/index.php\/wp-json\/wp\/v2\/posts\/19056\/revisions"}],"predecessor-version":[{"id":19058,"href":"https:\/\/neutrale.al\/index.php\/wp-json\/wp\/v2\/posts\/19056\/revisions\/19058"}],"wp:featuredmedia":[{"embeddable":true,"href":"https:\/\/neutrale.al\/index.php\/wp-json\/wp\/v2\/media\/19057"}],"wp:attachment":[{"href":"https:\/\/neutrale.al\/index.php\/wp-json\/wp\/v2\/media?parent=19056"}],"wp:term":[{"taxonomy":"category","embeddable":true,"href":"https:\/\/neutrale.al\/index.php\/wp-json\/wp\/v2\/categories?post=19056"},{"taxonomy":"post_tag","embeddable":true,"href":"https:\/\/neutrale.al\/index.php\/wp-json\/wp\/v2\/tags?post=19056"}],"curies":[{"name":"wp","href":"https:\/\/api.w.org\/{rel}","templated":true}]}}