{"id":19028,"date":"2022-09-14T17:38:29","date_gmt":"2022-09-14T17:38:29","guid":{"rendered":"https:\/\/neutrale.al\/?p=19028"},"modified":"2022-09-14T17:38:29","modified_gmt":"2022-09-14T17:38:29","slug":"berisha-ne-shijak-braktisja-e-shqiperise-me-e-dhimbshme-se-ajo-e-vitit-1991","status":"publish","type":"post","link":"https:\/\/neutrale.al\/index.php\/2022\/09\/14\/berisha-ne-shijak-braktisja-e-shqiperise-me-e-dhimbshme-se-ajo-e-vitit-1991\/","title":{"rendered":"Berisha n\u00eb Shijak: Braktisja e Shqip\u00ebris\u00eb, m\u00eb e dhimbshme se ajo e vitit 1991"},"content":{"rendered":"<p>Kryetari i Partis\u00eb Demokratike, Sali Berisha, n\u00eb nj\u00eb takim t\u00eb organizuar me banor\u00ebt e Shijakut \u00ebsht\u00eb shprehur se braktisja e Shqip\u00ebris\u00eb \u00ebsht\u00eb m\u00eb e dhimbshme se ajo e vitit 1991.<\/p>\n<p>Berisha thekson se braktisja e vendit n\u00eb koh\u00ebt e fundit \u00ebsht\u00eb e pashembullt nd\u00ebrsa shtoi se Shqip\u00ebria po p\u00ebrjeton nj\u00eb kriz\u00eb t\u00eb thell\u00eb.<\/p>\n<p>\u201cJu p\u00ebrsh\u00ebndes t\u00eb gjith\u00eb ju, t\u00eb gjith\u00eb demokratet dhe demokrat\u00ebt e Shijakut. U shpreh mir\u00ebnjohjen m\u00eb t\u00eb thell\u00eb p\u00ebr mb\u00ebshtetjen tuaj m\u00eb t\u00eb \u00e7muar, mb\u00ebshtetjen e Shijakut, burrave dhe grave, djem e vajza t\u00eb k\u00ebsaj zone, zon\u00eb e mir\u00ebnjohur p\u00ebr virtytet men\u00e7urin\u00eb dhe atdhetarin\u00eb e saj.<\/p>\n<p>Zgjedhja q\u00eb n\u00eb t\u00ebr\u00ebsi ka b\u00ebr\u00eb Shijaku n\u00eb k\u00ebto dekada, ka qen\u00eb n\u00eb p\u00ebrputhje me shpirtin e lir\u00eb t\u00eb qytetar\u00ebve, banor\u00ebve t\u00eb vet, atdhetaris\u00eb s\u00eb tyre dhe p\u00ebrpjekjes p\u00ebr nj\u00eb Shqip\u00ebri t\u00eb zhvilluar, demokratike dhe t\u00eb integruar n\u00eb BE.<\/p>\n<p>Sot Shijaku dhe mbar\u00eb Shqip\u00ebria, p\u00ebrjetojn\u00eb nj\u00eb periudh\u00eb krize t\u00eb v\u00ebrtet\u00eb, t\u00eb thell\u00eb, e cila shprehet me nj\u00eb braktisje t\u00eb pashembullt t\u00eb vendit, Shijakut dhe Shqip\u00ebris\u00eb nga qytetar\u00ebt e vendit. Kjo braktisje n\u00eb t\u00eb v\u00ebrtet\u00eb \u00ebsht\u00eb shum\u00eb m\u00eb e dhimbshme, e hidhur, se sa ajo q\u00eb ndodhi n\u00eb vitin 1991. \u00cbsht\u00eb shum\u00eb m\u00eb e dhimbshme dhe e hidhur, sepse n\u00eb vitin 1991, ne jemi d\u00ebshmitar\u00eb, ne v\u00ebrtet\u00eb fituam lirin\u00eb, por ishim n\u00ebn tiranin\u00eb e tmerrshme t\u00eb mjerimit.<\/p>\n<p>Qytetar\u00ebt shqiptar\u00eb n\u00eb vitin 1991, ishin qytetar\u00ebt e tret\u00eb m\u00eb t\u00eb varf\u00ebr t\u00eb planetit. Vinin pas qytetar\u00ebve t\u00eb Ugand\u00ebs dhe Angol\u00ebs. K\u00ebshtu q\u00eb ai largim masiv nga Shqip\u00ebria i vitit 1991, lidhet me dhimbjet e m\u00ebdha q\u00eb krijonte tirania e mjerimit, pavar\u00ebsisht se liria u fitua, nga diktatura dol\u00ebm, por ajo q\u00eb vazhdoi ishte mjerimi i thell\u00eb n\u00eb t\u00eb cil\u00ebn na kishte zhytur diktatura.<\/p>\n<p>Sot jo, sot \u00ebsht\u00eb nj\u00eb regjim. P\u00ebr 30 vite Shijaku ndryshoi shum\u00eb, Shqip\u00ebria ndryshoi shum\u00eb. Nga viti 2007-2014, banor\u00ebt e Shijakut, Shqip\u00ebris\u00eb, u rrit\u00ebn nga viti n\u00eb vit dhe kjo \u00ebsht\u00eb statistik\u00eb e v\u00ebrtet\u00eb. Nga viti 2014 deri n\u00eb vitin 2021, nga Shijaku, Durr\u00ebsi, Tirana dhe mbar\u00eb Shqip\u00ebria u larguan 26% e popullat\u00ebs, m\u00eb shum\u00eb se 744 mij\u00eb qytetar\u00eb, ve\u00e7 n\u00eb BE, pa llogaritur k\u00ebtu ata q\u00eb ik\u00ebn n\u00eb Kanada, SHBA apo vende jasht\u00eb hap\u00ebsir\u00ebs evropiane\u201d, u shpreh Berisha.<\/p>\n","protected":false},"excerpt":{"rendered":"<p>Kryetari i Partis\u00eb Demokratike, Sali Berisha, n\u00eb nj\u00eb takim t\u00eb organizuar me banor\u00ebt e Shijakut \u00ebsht\u00eb shprehur se braktisja e Shqip\u00ebris\u00eb \u00ebsht\u00eb m\u00eb e dhimbshme se ajo e vitit 1991. Berisha thekson se braktisja e vendit n\u00eb koh\u00ebt e fundit \u00ebsht\u00eb e pashembullt nd\u00ebrsa shtoi se Shqip\u00ebria po p\u00ebrjeton nj\u00eb kriz\u00eb t\u00eb thell\u00eb. \u201cJu p\u00ebrsh\u00ebndes [&hellip;]<\/p>\n","protected":false},"author":2,"featured_media":19029,"comment_status":"open","ping_status":"open","sticky":false,"template":"","format":"standard","meta":{"footnotes":""},"categories":[118,9],"tags":[],"class_list":{"0":"post-19028","1":"post","2":"type-post","3":"status-publish","4":"format-standard","5":"has-post-thumbnail","7":"category-kryesore","8":"category-politika"},"_links":{"self":[{"href":"https:\/\/neutrale.al\/index.php\/wp-json\/wp\/v2\/posts\/19028","targetHints":{"allow":["GET"]}}],"collection":[{"href":"https:\/\/neutrale.al\/index.php\/wp-json\/wp\/v2\/posts"}],"about":[{"href":"https:\/\/neutrale.al\/index.php\/wp-json\/wp\/v2\/types\/post"}],"author":[{"embeddable":true,"href":"https:\/\/neutrale.al\/index.php\/wp-json\/wp\/v2\/users\/2"}],"replies":[{"embeddable":true,"href":"https:\/\/neutrale.al\/index.php\/wp-json\/wp\/v2\/comments?post=19028"}],"version-history":[{"count":1,"href":"https:\/\/neutrale.al\/index.php\/wp-json\/wp\/v2\/posts\/19028\/revisions"}],"predecessor-version":[{"id":19030,"href":"https:\/\/neutrale.al\/index.php\/wp-json\/wp\/v2\/posts\/19028\/revisions\/19030"}],"wp:featuredmedia":[{"embeddable":true,"href":"https:\/\/neutrale.al\/index.php\/wp-json\/wp\/v2\/media\/19029"}],"wp:attachment":[{"href":"https:\/\/neutrale.al\/index.php\/wp-json\/wp\/v2\/media?parent=19028"}],"wp:term":[{"taxonomy":"category","embeddable":true,"href":"https:\/\/neutrale.al\/index.php\/wp-json\/wp\/v2\/categories?post=19028"},{"taxonomy":"post_tag","embeddable":true,"href":"https:\/\/neutrale.al\/index.php\/wp-json\/wp\/v2\/tags?post=19028"}],"curies":[{"name":"wp","href":"https:\/\/api.w.org\/{rel}","templated":true}]}}