{"id":19021,"date":"2022-09-14T16:40:50","date_gmt":"2022-09-14T16:40:50","guid":{"rendered":"https:\/\/neutrale.al\/?p=19021"},"modified":"2022-09-14T16:40:50","modified_gmt":"2022-09-14T16:40:50","slug":"vendimet-e-qeverise-ibrahimaj-indeksohen-me-6-pensionet-paga-minimale-34-mije-leke","status":"publish","type":"post","link":"https:\/\/neutrale.al\/index.php\/2022\/09\/14\/vendimet-e-qeverise-ibrahimaj-indeksohen-me-6-pensionet-paga-minimale-34-mije-leke\/","title":{"rendered":"Vendimet e Qeveris\u00eb\/Ibrahimaj: Indeksohen me 6% pensionet, paga minimale 34 mij\u00eb lek\u00eb."},"content":{"rendered":"<p>Ministrja e Financave dhe Ekonomis\u00eb ka prezantuar Vendimet e Qeveris\u00eb t\u00eb mara n\u00eb mbledhjen e sotme:<\/p>\n<p>PAKETA E REZISTENC\u00cbS SOCIALE 2 \ud83e\udef6<\/p>\n<p>\ud83d\udcccIndeksojm\u00eb me 6% t\u00eb gjitha pensionet n\u00eb vend <\/p>\n<p>\ud83d\udcc3Miratuam n\u00eb mbledhjen e K\u00ebshillit t\u00eb Ministrave nj\u00eb vendim t\u00eb r\u00ebnd\u00ebsishme, si pjes\u00eb e Paket\u00ebs s\u00eb Rezistenc\u00ebs Sociale 2. <\/p>\n<p>\ud83d\udc68\ud83c\udffc\u200d\ud83e\uddb3\ud83d\udc75\ud83c\udffbT\u00eb gjitha kategorit\u00eb e pensionist\u00ebve n\u00eb Shqip\u00ebri do t\u00eb p\u00ebrfitojn\u00eb rritje t\u00eb pensioneve t\u00eb tyre me 6%, duke e \u00e7uar n\u00eb total k\u00ebt\u00eb rritje p\u00ebr vitin 2022 n\u00eb 9.5% p\u00ebr rreth 674 mij\u00eb pensionist\u00eb. <\/p>\n<p>\ud83d\udcc8Kjo mas\u00eb p\u00ebr periudh\u00ebn shtator-dhjetor ka nj\u00eb efekt n\u00eb buxhetin e shtetit n\u00eb rreth +2 miliard\u00eb lek\u00eb, nd\u00ebrsa p\u00ebr vitin 2023 n\u00eb +8.4 miliard\u00eb lek\u00eb.   <\/p>\n<p>Rrisim n\u00eb 34 mij\u00eb lek\u00eb pag\u00ebn minimale n\u00eb shkall\u00eb vendi \ud83d\udcc8.<\/p>\n<p>\ud83d\udcccRreth 900 mij\u00eb qytetar\u00eb shqiptar\u00eb do t\u00eb p\u00ebrfitojn\u00eb nga zbatimi i k\u00ebtyre dy masave.<\/p>\n<p>\ud83e\udd1dMbajm\u00eb premtimin p\u00ebr t\u00eb qen\u00eb pran\u00eb t\u00eb gjith\u00eb kategorive m\u00eb n\u00eb nevoj\u00eb dhe p\u00ebr t\u2019i ndihmuar ata n\u00eb kap\u00ebrcimin e k\u00ebsaj situate jo t\u00eb zakonshme.<\/p>\n<p><img loading=\"lazy\" loading=\"lazy\" decoding=\"async\" src=\"https:\/\/neutrale.al\/wp-content\/uploads\/2022\/09\/D81F1E5E-16F7-46E0-B2CE-F5EE31AB9158-255x300.jpeg\" alt=\"\" width=\"255\" height=\"300\" class=\"alignnone size-medium wp-image-19022\" srcset=\"https:\/\/neutrale.al\/wp-content\/uploads\/2022\/09\/D81F1E5E-16F7-46E0-B2CE-F5EE31AB9158-255x300.jpeg 255w, https:\/\/neutrale.al\/wp-content\/uploads\/2022\/09\/D81F1E5E-16F7-46E0-B2CE-F5EE31AB9158-869x1024.jpeg 869w, https:\/\/neutrale.al\/wp-content\/uploads\/2022\/09\/D81F1E5E-16F7-46E0-B2CE-F5EE31AB9158-768x905.jpeg 768w, https:\/\/neutrale.al\/wp-content\/uploads\/2022\/09\/D81F1E5E-16F7-46E0-B2CE-F5EE31AB9158-860x1013.jpeg 860w, https:\/\/neutrale.al\/wp-content\/uploads\/2022\/09\/D81F1E5E-16F7-46E0-B2CE-F5EE31AB9158.jpeg 1080w\" sizes=\"auto, (max-width: 255px) 100vw, 255px\" \/><\/p>\n","protected":false},"excerpt":{"rendered":"<p>Ministrja e Financave dhe Ekonomis\u00eb ka prezantuar Vendimet e Qeveris\u00eb t\u00eb mara n\u00eb mbledhjen e sotme: PAKETA E REZISTENC\u00cbS SOCIALE 2 \ud83e\udef6 \ud83d\udcccIndeksojm\u00eb me 6% t\u00eb gjitha pensionet n\u00eb vend \ud83d\udcc3Miratuam n\u00eb mbledhjen e K\u00ebshillit t\u00eb Ministrave nj\u00eb vendim t\u00eb r\u00ebnd\u00ebsishme, si pjes\u00eb e Paket\u00ebs s\u00eb Rezistenc\u00ebs Sociale 2. \ud83d\udc68\ud83c\udffc\u200d\ud83e\uddb3\ud83d\udc75\ud83c\udffbT\u00eb gjitha kategorit\u00eb e pensionist\u00ebve n\u00eb [&hellip;]<\/p>\n","protected":false},"author":2,"featured_media":19023,"comment_status":"open","ping_status":"open","sticky":false,"template":"","format":"standard","meta":{"footnotes":""},"categories":[10,9],"tags":[27],"class_list":{"0":"post-19021","1":"post","2":"type-post","3":"status-publish","4":"format-standard","5":"has-post-thumbnail","7":"category-ekonomia","8":"category-politika","9":"tag-lajme"},"_links":{"self":[{"href":"https:\/\/neutrale.al\/index.php\/wp-json\/wp\/v2\/posts\/19021","targetHints":{"allow":["GET"]}}],"collection":[{"href":"https:\/\/neutrale.al\/index.php\/wp-json\/wp\/v2\/posts"}],"about":[{"href":"https:\/\/neutrale.al\/index.php\/wp-json\/wp\/v2\/types\/post"}],"author":[{"embeddable":true,"href":"https:\/\/neutrale.al\/index.php\/wp-json\/wp\/v2\/users\/2"}],"replies":[{"embeddable":true,"href":"https:\/\/neutrale.al\/index.php\/wp-json\/wp\/v2\/comments?post=19021"}],"version-history":[{"count":1,"href":"https:\/\/neutrale.al\/index.php\/wp-json\/wp\/v2\/posts\/19021\/revisions"}],"predecessor-version":[{"id":19024,"href":"https:\/\/neutrale.al\/index.php\/wp-json\/wp\/v2\/posts\/19021\/revisions\/19024"}],"wp:featuredmedia":[{"embeddable":true,"href":"https:\/\/neutrale.al\/index.php\/wp-json\/wp\/v2\/media\/19023"}],"wp:attachment":[{"href":"https:\/\/neutrale.al\/index.php\/wp-json\/wp\/v2\/media?parent=19021"}],"wp:term":[{"taxonomy":"category","embeddable":true,"href":"https:\/\/neutrale.al\/index.php\/wp-json\/wp\/v2\/categories?post=19021"},{"taxonomy":"post_tag","embeddable":true,"href":"https:\/\/neutrale.al\/index.php\/wp-json\/wp\/v2\/tags?post=19021"}],"curies":[{"name":"wp","href":"https:\/\/api.w.org\/{rel}","templated":true}]}}