{"id":18990,"date":"2022-09-14T14:25:56","date_gmt":"2022-09-14T14:25:56","guid":{"rendered":"https:\/\/neutrale.al\/?p=18990"},"modified":"2022-09-14T14:25:56","modified_gmt":"2022-09-14T14:25:56","slug":"sekretari-per-pushtetin-lokal-ne-pd-asllani-harta-e-re-13-qarqe-95-bashki","status":"publish","type":"post","link":"https:\/\/neutrale.al\/index.php\/2022\/09\/14\/sekretari-per-pushtetin-lokal-ne-pd-asllani-harta-e-re-13-qarqe-95-bashki\/","title":{"rendered":"Sekretari p\u00ebr Pushtetin Lokal n\u00eb PD, Asllani: Harta e re 13 qarqe, 95 bashki"},"content":{"rendered":"<p>Partia Demokratike ka dal\u00eb me nj\u00eb propozim konkret p\u00ebr reform\u00ebs territoriale.<\/p>\n<p>Gjat\u00eb tryez\u00ebs me grupin demokrat, ekspert\u00ebt Oerd Bylykbashi dhe Ylli Asllani kan\u00eb propozuar ndryshimet.<\/p>\n<p>K\u00ebshtu, nga 61 bashki, n\u00eb vend do jen\u00eb 95 bashki n\u00eb 13 qarqe.<\/p>\n<p>N\u00eb\u00a0Kor\u00e7\u00eb\u00a0kan\u00eb qen\u00eb 6 bashki, propozimi \u00ebsht\u00eb p\u00ebr 10 bashki, ku jan\u00eb shtuar Leskoviku, Vithkuq, Voskopoj\u00eb dhe Pojan.<\/p>\n<p>N\u00eb\u00a0Vlor\u00eb\u00a0nga 7 bashki jan\u00eb propozuar 11, ku \u00ebsht\u00eb shtuar Orikumi, Novosela, Lumi i Vlor\u00ebs (Amantia) dhe Ksamili.<\/p>\n<p>Berati\u00a0nga 7 bashki b\u00ebhet me 9 bashki, jan\u00eb shtuar Shpiragu dhe Otllaku.<\/p>\n<p>N\u00eb\u00a0Fier\u00a0nga 6 bashki b\u00ebhen 12 bashki, shtohen Golemi, Ardenica, Levani, Cakrani, Fratari.<br \/>\nN\u00eb\u00a0Elbasan\u00a0nga 7 bashki b\u00ebhen 10 bashki, shtohen Shpati, Bradasheshi.<\/p>\n<p>N\u00eb\u00a0Tiran\u00eb\u00a0nga 5 bashki b\u00ebhen 9 bashki, shtohen Ndroqi, Petrela, Kashari, Dajti. Gjithashtu edhe 11 minibashkit\u00eb t\u00eb kalojn\u00eb n\u00eb bashki.<\/p>\n<p>N\u00eb\u00a0Kurbin\u00a0nga 1 bashki b\u00ebhen 2 bashki, shtohet Mamurrasi.<\/p>\n<p>N\u00eb\u00a0Durr\u00ebs\u00a0nga 3 b\u00ebhen 4, \u00ebsht\u00eb shtuar Sukthi.<\/p>\n<p>N\u00eb\u00a0Kuk\u00ebs\u00a0nga 3 b\u00ebhen 5 bashki.<\/p>\n<p><img loading=\"lazy\" loading=\"lazy\" decoding=\"async\" src=\"https:\/\/neutrale.al\/wp-content\/uploads\/2022\/09\/7589E6E5-9188-4FB8-A5FF-F41CBBD4EF44-162x300.jpeg\" alt=\"\" width=\"162\" height=\"300\" class=\"alignnone size-medium wp-image-18991\" srcset=\"https:\/\/neutrale.al\/wp-content\/uploads\/2022\/09\/7589E6E5-9188-4FB8-A5FF-F41CBBD4EF44-162x300.jpeg 162w, https:\/\/neutrale.al\/wp-content\/uploads\/2022\/09\/7589E6E5-9188-4FB8-A5FF-F41CBBD4EF44-552x1024.jpeg 552w, https:\/\/neutrale.al\/wp-content\/uploads\/2022\/09\/7589E6E5-9188-4FB8-A5FF-F41CBBD4EF44-768x1424.jpeg 768w, https:\/\/neutrale.al\/wp-content\/uploads\/2022\/09\/7589E6E5-9188-4FB8-A5FF-F41CBBD4EF44-828x1536.jpeg 828w, https:\/\/neutrale.al\/wp-content\/uploads\/2022\/09\/7589E6E5-9188-4FB8-A5FF-F41CBBD4EF44-860x1594.jpeg 860w, https:\/\/neutrale.al\/wp-content\/uploads\/2022\/09\/7589E6E5-9188-4FB8-A5FF-F41CBBD4EF44.jpeg 863w\" sizes=\"auto, (max-width: 162px) 100vw, 162px\" \/><\/p>\n<p><img loading=\"lazy\" loading=\"lazy\" decoding=\"async\" src=\"https:\/\/neutrale.al\/wp-content\/uploads\/2022\/09\/4830C79E-A65B-4759-A089-5CD89CD02B22-169x300.jpeg\" alt=\"\" width=\"169\" height=\"300\" class=\"alignnone size-medium wp-image-18992\" srcset=\"https:\/\/neutrale.al\/wp-content\/uploads\/2022\/09\/4830C79E-A65B-4759-A089-5CD89CD02B22-169x300.jpeg 169w, https:\/\/neutrale.al\/wp-content\/uploads\/2022\/09\/4830C79E-A65B-4759-A089-5CD89CD02B22-575x1024.jpeg 575w, https:\/\/neutrale.al\/wp-content\/uploads\/2022\/09\/4830C79E-A65B-4759-A089-5CD89CD02B22-768x1367.jpeg 768w, https:\/\/neutrale.al\/wp-content\/uploads\/2022\/09\/4830C79E-A65B-4759-A089-5CD89CD02B22-863x1536.jpeg 863w, https:\/\/neutrale.al\/wp-content\/uploads\/2022\/09\/4830C79E-A65B-4759-A089-5CD89CD02B22-860x1531.jpeg 860w, https:\/\/neutrale.al\/wp-content\/uploads\/2022\/09\/4830C79E-A65B-4759-A089-5CD89CD02B22.jpeg 899w\" sizes=\"auto, (max-width: 169px) 100vw, 169px\" \/><\/p>\n<p><img loading=\"lazy\" loading=\"lazy\" decoding=\"async\" src=\"https:\/\/neutrale.al\/wp-content\/uploads\/2022\/09\/95229CDA-754B-43E2-A548-E56C76E925E8-165x300.jpeg\" alt=\"\" width=\"165\" height=\"300\" class=\"alignnone size-medium wp-image-18993\" srcset=\"https:\/\/neutrale.al\/wp-content\/uploads\/2022\/09\/95229CDA-754B-43E2-A548-E56C76E925E8-165x300.jpeg 165w, https:\/\/neutrale.al\/wp-content\/uploads\/2022\/09\/95229CDA-754B-43E2-A548-E56C76E925E8-563x1024.jpeg 563w, https:\/\/neutrale.al\/wp-content\/uploads\/2022\/09\/95229CDA-754B-43E2-A548-E56C76E925E8-768x1396.jpeg 768w, https:\/\/neutrale.al\/wp-content\/uploads\/2022\/09\/95229CDA-754B-43E2-A548-E56C76E925E8-845x1536.jpeg 845w, https:\/\/neutrale.al\/wp-content\/uploads\/2022\/09\/95229CDA-754B-43E2-A548-E56C76E925E8-860x1564.jpeg 860w, https:\/\/neutrale.al\/wp-content\/uploads\/2022\/09\/95229CDA-754B-43E2-A548-E56C76E925E8.jpeg 880w\" sizes=\"auto, (max-width: 165px) 100vw, 165px\" \/><\/p>\n<p><img loading=\"lazy\" loading=\"lazy\" decoding=\"async\" src=\"https:\/\/neutrale.al\/wp-content\/uploads\/2022\/09\/B22AC5DC-4253-405D-8B8A-5E972B2B7351-171x300.jpeg\" alt=\"\" width=\"171\" height=\"300\" class=\"alignnone size-medium wp-image-18994\" srcset=\"https:\/\/neutrale.al\/wp-content\/uploads\/2022\/09\/B22AC5DC-4253-405D-8B8A-5E972B2B7351-171x300.jpeg 171w, https:\/\/neutrale.al\/wp-content\/uploads\/2022\/09\/B22AC5DC-4253-405D-8B8A-5E972B2B7351-584x1024.jpeg 584w, https:\/\/neutrale.al\/wp-content\/uploads\/2022\/09\/B22AC5DC-4253-405D-8B8A-5E972B2B7351-768x1346.jpeg 768w, https:\/\/neutrale.al\/wp-content\/uploads\/2022\/09\/B22AC5DC-4253-405D-8B8A-5E972B2B7351-876x1536.jpeg 876w, https:\/\/neutrale.al\/wp-content\/uploads\/2022\/09\/B22AC5DC-4253-405D-8B8A-5E972B2B7351-860x1507.jpeg 860w, https:\/\/neutrale.al\/wp-content\/uploads\/2022\/09\/B22AC5DC-4253-405D-8B8A-5E972B2B7351.jpeg 913w\" sizes=\"auto, (max-width: 171px) 100vw, 171px\" \/><\/p>\n","protected":false},"excerpt":{"rendered":"<p>Partia Demokratike ka dal\u00eb me nj\u00eb propozim konkret p\u00ebr reform\u00ebs territoriale. Gjat\u00eb tryez\u00ebs me grupin demokrat, ekspert\u00ebt Oerd Bylykbashi dhe Ylli Asllani kan\u00eb propozuar ndryshimet. K\u00ebshtu, nga 61 bashki, n\u00eb vend do jen\u00eb 95 bashki n\u00eb 13 qarqe. N\u00eb\u00a0Kor\u00e7\u00eb\u00a0kan\u00eb qen\u00eb 6 bashki, propozimi \u00ebsht\u00eb p\u00ebr 10 bashki, ku jan\u00eb shtuar Leskoviku, Vithkuq, Voskopoj\u00eb dhe Pojan. [&hellip;]<\/p>\n","protected":false},"author":2,"featured_media":18995,"comment_status":"open","ping_status":"open","sticky":false,"template":"","format":"standard","meta":{"footnotes":""},"categories":[118,9],"tags":[],"class_list":{"0":"post-18990","1":"post","2":"type-post","3":"status-publish","4":"format-standard","5":"has-post-thumbnail","7":"category-kryesore","8":"category-politika"},"_links":{"self":[{"href":"https:\/\/neutrale.al\/index.php\/wp-json\/wp\/v2\/posts\/18990","targetHints":{"allow":["GET"]}}],"collection":[{"href":"https:\/\/neutrale.al\/index.php\/wp-json\/wp\/v2\/posts"}],"about":[{"href":"https:\/\/neutrale.al\/index.php\/wp-json\/wp\/v2\/types\/post"}],"author":[{"embeddable":true,"href":"https:\/\/neutrale.al\/index.php\/wp-json\/wp\/v2\/users\/2"}],"replies":[{"embeddable":true,"href":"https:\/\/neutrale.al\/index.php\/wp-json\/wp\/v2\/comments?post=18990"}],"version-history":[{"count":1,"href":"https:\/\/neutrale.al\/index.php\/wp-json\/wp\/v2\/posts\/18990\/revisions"}],"predecessor-version":[{"id":18996,"href":"https:\/\/neutrale.al\/index.php\/wp-json\/wp\/v2\/posts\/18990\/revisions\/18996"}],"wp:featuredmedia":[{"embeddable":true,"href":"https:\/\/neutrale.al\/index.php\/wp-json\/wp\/v2\/media\/18995"}],"wp:attachment":[{"href":"https:\/\/neutrale.al\/index.php\/wp-json\/wp\/v2\/media?parent=18990"}],"wp:term":[{"taxonomy":"category","embeddable":true,"href":"https:\/\/neutrale.al\/index.php\/wp-json\/wp\/v2\/categories?post=18990"},{"taxonomy":"post_tag","embeddable":true,"href":"https:\/\/neutrale.al\/index.php\/wp-json\/wp\/v2\/tags?post=18990"}],"curies":[{"name":"wp","href":"https:\/\/api.w.org\/{rel}","templated":true}]}}