{"id":18969,"date":"2022-09-14T10:56:40","date_gmt":"2022-09-14T10:56:40","guid":{"rendered":"https:\/\/neutrale.al\/?p=18969"},"modified":"2022-09-14T10:56:40","modified_gmt":"2022-09-14T10:56:40","slug":"berisha-ja-pse-jemi-angazhuar-ne-procesin-e-reformes-territoriale-sepse-eshte-per-qytetaret","status":"publish","type":"post","link":"https:\/\/neutrale.al\/index.php\/2022\/09\/14\/berisha-ja-pse-jemi-angazhuar-ne-procesin-e-reformes-territoriale-sepse-eshte-per-qytetaret\/","title":{"rendered":"Berisha: Ja pse jemi angazhuar n\u00eb procesin e reform\u00ebs territoriale, sepse \u00ebsht\u00eb p\u00ebr qytetar\u00ebt"},"content":{"rendered":"<p>Qytetar\u00ebt shqiptar\u00eb mund t\u00eb shtojn\u00eb pyetjen: ju nuk keni votat, pse angazhoheni n\u00eb k\u00ebt\u00eb proces.<br \/>\nPyetja \u00ebsht\u00eb e drejt\u00eb. Por ne angazhohemi n\u00eb k\u00ebt\u00eb proces sepse reforma territoriale \u00ebsht\u00eb jasht\u00ebzakonisht e r\u00ebnd\u00ebsishme p\u00ebr qytetarin shqiptar.<\/p>\n<p>Ne p\u00ebrgatisim variantin ton\u00eb, t\u00eb cilin e kemi shum\u00eb t\u00eb qart\u00eb se me nj\u00eb armik t\u00eb liris\u00eb s\u00eb shqiptar\u00ebve, si Edi Rama, q\u00eb b\u00ebn gjith\u00e7ka p\u00ebr t\u00eb dominuar dhe sunduar vullnetin e tyre, kjo platform\u00eb nuk do miratohet.<\/p>\n<p>Por ama, nj\u00eb votim masiv i shqiptar\u00ebve p\u00ebr PD-n\u00eb dhe opozit\u00ebn, b\u00ebn t\u00eb mundur rikthimin e k\u00ebsaj ndarje t\u00eb re territoriale, e cila \u00ebsht\u00eb n\u00eb interesin m\u00eb t\u00eb mir\u00eb t\u00eb qytetar\u00ebve shqiptar\u00eb dhe Shqip\u00ebris\u00eb, pasi dihet se me progresivin drejt BE-s\u00eb, bashk\u00ebpunimi i rajoneve \u00ebsht\u00eb nj\u00eb nga bashk\u00ebpunimet m\u00eb t\u00eb r\u00ebnd\u00ebsishme n\u00eb kuad\u00ebr t\u00eb k\u00ebtij integrimi. Europa \u00ebsht\u00eb Europa e rajoneve. Shqip\u00ebria do i p\u00ebrshtatet k\u00ebtij standardi evropian me platform\u00ebn q\u00eb kemi p\u00ebrgatitur.<\/p>\n","protected":false},"excerpt":{"rendered":"<p>Qytetar\u00ebt shqiptar\u00eb mund t\u00eb shtojn\u00eb pyetjen: ju nuk keni votat, pse angazhoheni n\u00eb k\u00ebt\u00eb proces. Pyetja \u00ebsht\u00eb e drejt\u00eb. Por ne angazhohemi n\u00eb k\u00ebt\u00eb proces sepse reforma territoriale \u00ebsht\u00eb jasht\u00ebzakonisht e r\u00ebnd\u00ebsishme p\u00ebr qytetarin shqiptar. Ne p\u00ebrgatisim variantin ton\u00eb, t\u00eb cilin e kemi shum\u00eb t\u00eb qart\u00eb se me nj\u00eb armik t\u00eb liris\u00eb s\u00eb shqiptar\u00ebve, si [&hellip;]<\/p>\n","protected":false},"author":2,"featured_media":18970,"comment_status":"open","ping_status":"open","sticky":false,"template":"","format":"standard","meta":{"footnotes":""},"categories":[9],"tags":[27],"class_list":{"0":"post-18969","1":"post","2":"type-post","3":"status-publish","4":"format-standard","5":"has-post-thumbnail","7":"category-politika","8":"tag-lajme"},"_links":{"self":[{"href":"https:\/\/neutrale.al\/index.php\/wp-json\/wp\/v2\/posts\/18969","targetHints":{"allow":["GET"]}}],"collection":[{"href":"https:\/\/neutrale.al\/index.php\/wp-json\/wp\/v2\/posts"}],"about":[{"href":"https:\/\/neutrale.al\/index.php\/wp-json\/wp\/v2\/types\/post"}],"author":[{"embeddable":true,"href":"https:\/\/neutrale.al\/index.php\/wp-json\/wp\/v2\/users\/2"}],"replies":[{"embeddable":true,"href":"https:\/\/neutrale.al\/index.php\/wp-json\/wp\/v2\/comments?post=18969"}],"version-history":[{"count":1,"href":"https:\/\/neutrale.al\/index.php\/wp-json\/wp\/v2\/posts\/18969\/revisions"}],"predecessor-version":[{"id":18971,"href":"https:\/\/neutrale.al\/index.php\/wp-json\/wp\/v2\/posts\/18969\/revisions\/18971"}],"wp:featuredmedia":[{"embeddable":true,"href":"https:\/\/neutrale.al\/index.php\/wp-json\/wp\/v2\/media\/18970"}],"wp:attachment":[{"href":"https:\/\/neutrale.al\/index.php\/wp-json\/wp\/v2\/media?parent=18969"}],"wp:term":[{"taxonomy":"category","embeddable":true,"href":"https:\/\/neutrale.al\/index.php\/wp-json\/wp\/v2\/categories?post=18969"},{"taxonomy":"post_tag","embeddable":true,"href":"https:\/\/neutrale.al\/index.php\/wp-json\/wp\/v2\/tags?post=18969"}],"curies":[{"name":"wp","href":"https:\/\/api.w.org\/{rel}","templated":true}]}}