{"id":18877,"date":"2022-09-13T20:39:14","date_gmt":"2022-09-13T20:39:14","guid":{"rendered":"https:\/\/neutrale.al\/?p=18877"},"modified":"2022-09-13T20:39:14","modified_gmt":"2022-09-13T20:39:14","slug":"nje-tufe-qenesh-sulmojne-34-vjecaren","status":"publish","type":"post","link":"https:\/\/neutrale.al\/index.php\/2022\/09\/13\/nje-tufe-qenesh-sulmojne-34-vjecaren\/","title":{"rendered":"Nj\u00eb tuf\u00eb qen\u00ebsh sulmojn\u00eb 34 vje\u00e7aren."},"content":{"rendered":"<p>Kalamata: Sulmi mizor i nj\u00eb tufe qensh ndaj 34-vje\u00e7ares.<\/p>\n<p>\u201cMendova se do t\u00eb m\u00eb vrisnin\u201d<br \/>\nKoleg\u00ebt e saj, t\u00eb cil\u00ebt d\u00ebgjuan britmat e saj, arrit\u00ebn ta shp\u00ebtojn\u00eb dhe ta \u00e7ojn\u00eb n\u00eb spital, shkruan protothema.gr <\/p>\n<p>Nj\u00eb 34-vje\u00e7are \u00ebsht\u00eb sulmuar nga qent\u00eb endacak\u00eb m\u00ebngjesin e s\u00eb h\u00ebn\u00ebs (12\/9) n\u00eb Kalamat\u00eb teksa shkonte n\u00eb pun\u00eb. Koleg\u00ebt e saj q\u00eb d\u00ebgjuan britmat e saj arrit\u00ebn ta shp\u00ebtojn\u00eb dhe ta \u00e7ojn\u00eb n\u00eb spital.<\/p>\n<p>34-vje\u00e7arja, e cila \u00ebsht\u00eb edhe n\u00ebn\u00eb e dy f\u00ebmij\u00ebve t\u00eb vegj\u00ebl, duke p\u00ebrshkruar momentet e makthit q\u00eb ka p\u00ebrjetuar, theksoi se tufa e qenve e sulmoi teksa po hynte n\u00eb oborrin e fabrik\u00ebs ku ajo punon.<br \/>\nIshte dita e tret\u00eb q\u00eb ajo pati filluar pun\u00eb.<br \/>\nPapritur ajo pa para saj shtat\u00eb qen\u00eb, t\u00eb cil\u00ebt iu v\u00ebrsul\u00ebn t\u00ebrbuar dhe filluan ta kafshonin n\u00eb t\u00eb gjith\u00eb trupin. Vajza ra n\u00eb tok\u00eb dhe pak para se t&#8217;i binte t\u00eb fik\u00ebt, dy kolege t\u00eb saj e d\u00ebrguan n\u00eb spitalin e Kalamat\u00ebs ku po trajtohet.<\/p>\n<p>\u201cNuk e prisja se do t\u00eb m\u00eb b\u00ebnin di\u00e7ka t\u00eb till\u00eb dhe do t\u00eb m\u00eb kapnin, mendova se do t\u00eb m\u00eb vrisnin\u201d, tha 34-vje\u00e7arja e tronditur.<\/p>\n","protected":false},"excerpt":{"rendered":"<p>Kalamata: Sulmi mizor i nj\u00eb tufe qensh ndaj 34-vje\u00e7ares. \u201cMendova se do t\u00eb m\u00eb vrisnin\u201d Koleg\u00ebt e saj, t\u00eb cil\u00ebt d\u00ebgjuan britmat e saj, arrit\u00ebn ta shp\u00ebtojn\u00eb dhe ta \u00e7ojn\u00eb n\u00eb spital, shkruan protothema.gr Nj\u00eb 34-vje\u00e7are \u00ebsht\u00eb sulmuar nga qent\u00eb endacak\u00eb m\u00ebngjesin e s\u00eb h\u00ebn\u00ebs (12\/9) n\u00eb Kalamat\u00eb teksa shkonte n\u00eb pun\u00eb. Koleg\u00ebt e saj [&hellip;]<\/p>\n","protected":false},"author":2,"featured_media":18878,"comment_status":"open","ping_status":"open","sticky":false,"template":"","format":"standard","meta":{"footnotes":""},"categories":[6],"tags":[27],"class_list":{"0":"post-18877","1":"post","2":"type-post","3":"status-publish","4":"format-standard","5":"has-post-thumbnail","7":"category-rajoni","8":"tag-lajme"},"_links":{"self":[{"href":"https:\/\/neutrale.al\/index.php\/wp-json\/wp\/v2\/posts\/18877","targetHints":{"allow":["GET"]}}],"collection":[{"href":"https:\/\/neutrale.al\/index.php\/wp-json\/wp\/v2\/posts"}],"about":[{"href":"https:\/\/neutrale.al\/index.php\/wp-json\/wp\/v2\/types\/post"}],"author":[{"embeddable":true,"href":"https:\/\/neutrale.al\/index.php\/wp-json\/wp\/v2\/users\/2"}],"replies":[{"embeddable":true,"href":"https:\/\/neutrale.al\/index.php\/wp-json\/wp\/v2\/comments?post=18877"}],"version-history":[{"count":1,"href":"https:\/\/neutrale.al\/index.php\/wp-json\/wp\/v2\/posts\/18877\/revisions"}],"predecessor-version":[{"id":18879,"href":"https:\/\/neutrale.al\/index.php\/wp-json\/wp\/v2\/posts\/18877\/revisions\/18879"}],"wp:featuredmedia":[{"embeddable":true,"href":"https:\/\/neutrale.al\/index.php\/wp-json\/wp\/v2\/media\/18878"}],"wp:attachment":[{"href":"https:\/\/neutrale.al\/index.php\/wp-json\/wp\/v2\/media?parent=18877"}],"wp:term":[{"taxonomy":"category","embeddable":true,"href":"https:\/\/neutrale.al\/index.php\/wp-json\/wp\/v2\/categories?post=18877"},{"taxonomy":"post_tag","embeddable":true,"href":"https:\/\/neutrale.al\/index.php\/wp-json\/wp\/v2\/tags?post=18877"}],"curies":[{"name":"wp","href":"https:\/\/api.w.org\/{rel}","templated":true}]}}