{"id":18836,"date":"2022-09-13T18:42:17","date_gmt":"2022-09-13T18:42:17","guid":{"rendered":"https:\/\/neutrale.al\/?p=18836"},"modified":"2022-09-13T18:42:17","modified_gmt":"2022-09-13T18:42:17","slug":"veliajtirana-digital-nomad-festival3-dite-60-eksperte-400-pjesemarres","status":"publish","type":"post","link":"https:\/\/neutrale.al\/index.php\/2022\/09\/13\/veliajtirana-digital-nomad-festival3-dite-60-eksperte-400-pjesemarres\/","title":{"rendered":"Veliaj:Tirana Digital Nomad Festival,3 dit\u00eb &#8211; 60 ekspert\u00eb &#8211; 400 pjes\u00ebmarr\u00ebs"},"content":{"rendered":"<p>Kryebashkiaku Erion Veliaj njofton se p\u00ebr tre dit\u00eb n\u00eb Tiran\u00eb do t\u00eb zhvillohet Festivali \u2018Digital Nomads&#8221;<\/p>\n<p>Ja sh\u00ebnimi i tij n\u00eb rrjetet sociale:<\/p>\n<p>Tirana Digital Nomad Festival,3 dit\u00eb &#8211; 60 ekspert\u00eb &#8211; 400 pjes\u00ebmarr\u00ebs<br \/>\nI lumtur q\u00eb, p\u00ebr 3 dit\u00eb me radh\u00eb, do t\u00eb presim Festivalin \u2018Digital Nomads\u2019 \ud83d\ude0e\u2013 nj\u00eb ngjarje e r\u00ebnd\u00ebsishme p\u00ebr qytetin, ku profesionist\u00eb, sip\u00ebrmarr\u00ebs dhe novator\u00eb n\u00eb fush\u00ebn e teknologjis\u00eb\ud83d\udcbbdo t\u00eb rr\u00ebfejn\u00eb p\u00ebrvojat e tyre, por edhe nj\u00eb mund\u00ebsi e art\u00eb p\u00ebr ta vendosur Tiran\u00ebn\u2764\ufe0f n\u00eb hart\u00ebn e qyteteve digjitale\ud83d\ude4f.<\/p>\n<p><img loading=\"lazy\" loading=\"lazy\" decoding=\"async\" src=\"https:\/\/neutrale.al\/wp-content\/uploads\/2022\/09\/DFE65130-B6E5-437B-8C6A-8EA8615A453B-300x200.jpeg\" alt=\"\" width=\"300\" height=\"200\" class=\"alignnone size-medium wp-image-18837\" srcset=\"https:\/\/neutrale.al\/wp-content\/uploads\/2022\/09\/DFE65130-B6E5-437B-8C6A-8EA8615A453B-300x200.jpeg 300w, https:\/\/neutrale.al\/wp-content\/uploads\/2022\/09\/DFE65130-B6E5-437B-8C6A-8EA8615A453B-1024x683.jpeg 1024w, https:\/\/neutrale.al\/wp-content\/uploads\/2022\/09\/DFE65130-B6E5-437B-8C6A-8EA8615A453B-768x512.jpeg 768w, https:\/\/neutrale.al\/wp-content\/uploads\/2022\/09\/DFE65130-B6E5-437B-8C6A-8EA8615A453B-330x220.jpeg 330w, https:\/\/neutrale.al\/wp-content\/uploads\/2022\/09\/DFE65130-B6E5-437B-8C6A-8EA8615A453B-420x280.jpeg 420w, https:\/\/neutrale.al\/wp-content\/uploads\/2022\/09\/DFE65130-B6E5-437B-8C6A-8EA8615A453B-615x410.jpeg 615w, https:\/\/neutrale.al\/wp-content\/uploads\/2022\/09\/DFE65130-B6E5-437B-8C6A-8EA8615A453B-860x574.jpeg 860w, https:\/\/neutrale.al\/wp-content\/uploads\/2022\/09\/DFE65130-B6E5-437B-8C6A-8EA8615A453B.jpeg 1079w\" sizes=\"auto, (max-width: 300px) 100vw, 300px\" \/><\/p>\n","protected":false},"excerpt":{"rendered":"<p>Kryebashkiaku Erion Veliaj njofton se p\u00ebr tre dit\u00eb n\u00eb Tiran\u00eb do t\u00eb zhvillohet Festivali \u2018Digital Nomads&#8221; Ja sh\u00ebnimi i tij n\u00eb rrjetet sociale: Tirana Digital Nomad Festival,3 dit\u00eb &#8211; 60 ekspert\u00eb &#8211; 400 pjes\u00ebmarr\u00ebs I lumtur q\u00eb, p\u00ebr 3 dit\u00eb me radh\u00eb, do t\u00eb presim Festivalin \u2018Digital Nomads\u2019 \ud83d\ude0e\u2013 nj\u00eb ngjarje e r\u00ebnd\u00ebsishme p\u00ebr qytetin, [&hellip;]<\/p>\n","protected":false},"author":2,"featured_media":18838,"comment_status":"open","ping_status":"open","sticky":false,"template":"","format":"standard","meta":{"footnotes":""},"categories":[1],"tags":[27],"class_list":{"0":"post-18836","1":"post","2":"type-post","3":"status-publish","4":"format-standard","5":"has-post-thumbnail","7":"category-te-tjera","8":"tag-lajme"},"_links":{"self":[{"href":"https:\/\/neutrale.al\/index.php\/wp-json\/wp\/v2\/posts\/18836","targetHints":{"allow":["GET"]}}],"collection":[{"href":"https:\/\/neutrale.al\/index.php\/wp-json\/wp\/v2\/posts"}],"about":[{"href":"https:\/\/neutrale.al\/index.php\/wp-json\/wp\/v2\/types\/post"}],"author":[{"embeddable":true,"href":"https:\/\/neutrale.al\/index.php\/wp-json\/wp\/v2\/users\/2"}],"replies":[{"embeddable":true,"href":"https:\/\/neutrale.al\/index.php\/wp-json\/wp\/v2\/comments?post=18836"}],"version-history":[{"count":1,"href":"https:\/\/neutrale.al\/index.php\/wp-json\/wp\/v2\/posts\/18836\/revisions"}],"predecessor-version":[{"id":18839,"href":"https:\/\/neutrale.al\/index.php\/wp-json\/wp\/v2\/posts\/18836\/revisions\/18839"}],"wp:featuredmedia":[{"embeddable":true,"href":"https:\/\/neutrale.al\/index.php\/wp-json\/wp\/v2\/media\/18838"}],"wp:attachment":[{"href":"https:\/\/neutrale.al\/index.php\/wp-json\/wp\/v2\/media?parent=18836"}],"wp:term":[{"taxonomy":"category","embeddable":true,"href":"https:\/\/neutrale.al\/index.php\/wp-json\/wp\/v2\/categories?post=18836"},{"taxonomy":"post_tag","embeddable":true,"href":"https:\/\/neutrale.al\/index.php\/wp-json\/wp\/v2\/tags?post=18836"}],"curies":[{"name":"wp","href":"https:\/\/api.w.org\/{rel}","templated":true}]}}