{"id":18826,"date":"2022-09-13T18:33:00","date_gmt":"2022-09-13T18:33:00","guid":{"rendered":"https:\/\/neutrale.al\/?p=18826"},"modified":"2022-09-13T18:33:00","modified_gmt":"2022-09-13T18:33:00","slug":"kujtesa-i-fshihet-cdo-24-ore-31-vjecarja-eshte-gjeja-me-e-bukur-qe-me-ka-ndodhur","status":"publish","type":"post","link":"https:\/\/neutrale.al\/index.php\/2022\/09\/13\/kujtesa-i-fshihet-cdo-24-ore-31-vjecarja-eshte-gjeja-me-e-bukur-qe-me-ka-ndodhur\/","title":{"rendered":"Kujtesa i fshihet \u00e7do 24 or\u00eb , 31 vje\u00e7arja : \u00cbsht\u00eb gj\u00ebja m\u00eb e bukur q\u00eb m\u00eb ka ndodhur"},"content":{"rendered":"<p>Nj\u00eb grua 31-vje\u00e7are vuan nga nj\u00eb \u00e7rregullim i rrall\u00eb, ku kujtesa e saj &#8216;riformatohet&#8217; \u00e7do 24 or\u00eb.<\/p>\n<p>Ishte fundi i vitit 2021 kur 31-vje\u00e7arja u zgjua p\u00ebr her\u00eb t\u00eb par\u00eb pa asnj\u00eb kujtim, pa mundur t\u00eb kujtonte dat\u00ebn, vendndodhjen e saj apo edhe emrin e saj.<\/p>\n<p>Asaj iu desh t\u00eb mb\u00ebshtetej te t\u00eb tjer\u00ebt p\u00ebr t\u00eb ndihmuar n\u00eb plot\u00ebsimin e boshll\u00ebqeve dhe pasi foli me mjek\u00ebt, u sugjerua se humbja e kujtes\u00ebs s\u00eb saj ishte rezultat i nj\u00eb mekanizmi t\u00eb vet\u00eb-ruajtjes pas p\u00ebrvojave t\u00eb saj me traumat.<\/p>\n<p>Pothuajse nj\u00eb vit m\u00eb von\u00eb, ajo tani zgjohet \u00e7do dit\u00eb pas asnj\u00eb kujtim deri n\u00eb pik\u00ebn ku edhe personi n\u00eb shtrat pran\u00eb saj \u00ebsht\u00eb i panjohur.<\/p>\n<p>Ajo u takua me t\u00eb fejuar\u00ebn e saj nd\u00ebrsa kalonte koh\u00eb n\u00eb spital, megjith\u00ebse kur kujtesa e saj filloi t\u00eb riformatohej, kishte momente bosh<\/p>\n<p>Ashtu si n\u00eb komedin\u00eb \u201c50 takimet e para\u201d t\u00eb Adam Sandler &#8211; nj\u00eb film q\u00eb ajo e do &#8211; \u00e7do her\u00eb q\u00eb ajo p\u00ebrsh\u00ebndetej nga partneri i saj, ishte sikur do ta takonte p\u00ebr her\u00eb t\u00eb par\u00eb.<\/p>\n<p>\u201cT\u00eb l\u00ebm\u00eb \u00e7ant\u00ebn e problemeve n\u00eb pun\u00eb\u201d, psikologja tregon a duhet disiplina p\u00ebr f\u00ebmij\u00ebt<br \/>\nPartneri i saj \u00ebsht\u00eb &#8216;jasht\u00ebzakonisht i duruesh\u00ebm&#8217;, por ajo ka pranuar se \u00ebsht\u00eb e frikshme t\u00eb zgjohesh pran\u00eb dikujt q\u00eb nuk e njeh menj\u00ebher\u00eb.<\/p>\n<p>I m\u00ebsuar me k\u00ebt\u00eb fenomen, megjithat\u00eb, i fejuari ndihmon n\u00eb zgjidhjen e konfuzionit t\u00eb saj duke p\u00ebrdorur fjal\u00eb dhe fraza specifike dhe duke e siguruar se ajo \u00ebsht\u00eb e fejuara e saj dhe ata do t\u00eb martohen.<\/p>\n<p>P\u00ebr t\u00eb ndihmuar n\u00eb v\u00ebrtetimin e pretendimeve t\u00eb t\u00eb fejuarit t\u00eb saj, ajo ka sisteme p\u00ebr ta ndihmuar at\u00eb t\u00eb kujtoj\u00eb gj\u00ebrat nga nj\u00eb dit\u00eb n\u00eb tjetr\u00ebn.<\/p>\n<p>Ajo p\u00ebrdor nj\u00eb list\u00eb, nj\u00eb fletore dixhitale dhe nj\u00eb aparat fotografik p\u00ebr t\u00eb organizuar dhe dokumentuar jet\u00ebn e saj t\u00eb p\u00ebrditshme.<\/p>\n","protected":false},"excerpt":{"rendered":"<p>Nj\u00eb grua 31-vje\u00e7are vuan nga nj\u00eb \u00e7rregullim i rrall\u00eb, ku kujtesa e saj &#8216;riformatohet&#8217; \u00e7do 24 or\u00eb. Ishte fundi i vitit 2021 kur 31-vje\u00e7arja u zgjua p\u00ebr her\u00eb t\u00eb par\u00eb pa asnj\u00eb kujtim, pa mundur t\u00eb kujtonte dat\u00ebn, vendndodhjen e saj apo edhe emrin e saj. Asaj iu desh t\u00eb mb\u00ebshtetej te t\u00eb tjer\u00ebt p\u00ebr [&hellip;]<\/p>\n","protected":false},"author":2,"featured_media":18827,"comment_status":"open","ping_status":"open","sticky":false,"template":"","format":"standard","meta":{"footnotes":""},"categories":[12],"tags":[],"class_list":{"0":"post-18826","1":"post","2":"type-post","3":"status-publish","4":"format-standard","5":"has-post-thumbnail","7":"category-bota"},"_links":{"self":[{"href":"https:\/\/neutrale.al\/index.php\/wp-json\/wp\/v2\/posts\/18826","targetHints":{"allow":["GET"]}}],"collection":[{"href":"https:\/\/neutrale.al\/index.php\/wp-json\/wp\/v2\/posts"}],"about":[{"href":"https:\/\/neutrale.al\/index.php\/wp-json\/wp\/v2\/types\/post"}],"author":[{"embeddable":true,"href":"https:\/\/neutrale.al\/index.php\/wp-json\/wp\/v2\/users\/2"}],"replies":[{"embeddable":true,"href":"https:\/\/neutrale.al\/index.php\/wp-json\/wp\/v2\/comments?post=18826"}],"version-history":[{"count":1,"href":"https:\/\/neutrale.al\/index.php\/wp-json\/wp\/v2\/posts\/18826\/revisions"}],"predecessor-version":[{"id":18828,"href":"https:\/\/neutrale.al\/index.php\/wp-json\/wp\/v2\/posts\/18826\/revisions\/18828"}],"wp:featuredmedia":[{"embeddable":true,"href":"https:\/\/neutrale.al\/index.php\/wp-json\/wp\/v2\/media\/18827"}],"wp:attachment":[{"href":"https:\/\/neutrale.al\/index.php\/wp-json\/wp\/v2\/media?parent=18826"}],"wp:term":[{"taxonomy":"category","embeddable":true,"href":"https:\/\/neutrale.al\/index.php\/wp-json\/wp\/v2\/categories?post=18826"},{"taxonomy":"post_tag","embeddable":true,"href":"https:\/\/neutrale.al\/index.php\/wp-json\/wp\/v2\/tags?post=18826"}],"curies":[{"name":"wp","href":"https:\/\/api.w.org\/{rel}","templated":true}]}}