{"id":18784,"date":"2022-09-13T13:51:24","date_gmt":"2022-09-13T13:51:24","guid":{"rendered":"https:\/\/neutrale.al\/?p=18784"},"modified":"2022-09-13T13:51:24","modified_gmt":"2022-09-13T13:51:24","slug":"takim-i-papritur-midis-kurtit-dhe-rames-ne-tirane","status":"publish","type":"post","link":"https:\/\/neutrale.al\/index.php\/2022\/09\/13\/takim-i-papritur-midis-kurtit-dhe-rames-ne-tirane\/","title":{"rendered":"Takim i papritur midis Kurtit dhe Ram\u00ebs n\u00eb Tiran\u00eb"},"content":{"rendered":"<p>Kryeministri Edi Rama \u00ebsht\u00eb takuar k\u00ebt\u00eb t\u00eb mart\u00eb me homologun Albin Kurti n\u00eb Tiran\u00eb. Rama dhe Kurti jan\u00eb par\u00eb n\u00eb ambientet e vil\u00ebs qeveritare 31.<\/p>\n<p>Takimi mes dy kryeministrave ka qen\u00eb i papritur, nd\u00ebrsa ende nuk dihen arsyet e vizit\u00ebs s\u00eb Kurtit, por vihen re masa t\u00eb m\u00ebdha sigurie t\u00eb marra p\u00ebr mbar\u00ebvajtjen e takimit, i cili do t\u00eb mbahet me dyer t\u00eb mbyllura.<\/p>\n<p>Kujtojm\u00eb se takimi i fundit mes dy lider\u00ebve ka qen\u00eb n\u00eb 20 qershor gjat\u00eb mbledhjes s\u00eb p\u00ebrbashk\u00ebt t\u00eb dy qeverive, ku u firmos\u00ebn 19 marr\u00ebveshje.<\/p>\n<p>Nuk dihet ende n\u00ebse Rama dhe Kurti do t\u00eb mbajn\u00eb ndonj\u00eb koneferenc\u00eb t\u00eb p\u00ebrbashk\u00ebt p\u00ebr shtyp, por kjo mbetet p\u00ebr t\u2019u m\u00ebsuar n\u00eb or\u00ebt n\u00eb vijim.<\/p>\n","protected":false},"excerpt":{"rendered":"<p>Kryeministri Edi Rama \u00ebsht\u00eb takuar k\u00ebt\u00eb t\u00eb mart\u00eb me homologun Albin Kurti n\u00eb Tiran\u00eb. Rama dhe Kurti jan\u00eb par\u00eb n\u00eb ambientet e vil\u00ebs qeveritare 31. Takimi mes dy kryeministrave ka qen\u00eb i papritur, nd\u00ebrsa ende nuk dihen arsyet e vizit\u00ebs s\u00eb Kurtit, por vihen re masa t\u00eb m\u00ebdha sigurie t\u00eb marra p\u00ebr mbar\u00ebvajtjen e takimit, [&hellip;]<\/p>\n","protected":false},"author":2,"featured_media":18785,"comment_status":"open","ping_status":"open","sticky":false,"template":"","format":"standard","meta":{"footnotes":""},"categories":[9],"tags":[27],"class_list":{"0":"post-18784","1":"post","2":"type-post","3":"status-publish","4":"format-standard","5":"has-post-thumbnail","7":"category-politika","8":"tag-lajme"},"_links":{"self":[{"href":"https:\/\/neutrale.al\/index.php\/wp-json\/wp\/v2\/posts\/18784","targetHints":{"allow":["GET"]}}],"collection":[{"href":"https:\/\/neutrale.al\/index.php\/wp-json\/wp\/v2\/posts"}],"about":[{"href":"https:\/\/neutrale.al\/index.php\/wp-json\/wp\/v2\/types\/post"}],"author":[{"embeddable":true,"href":"https:\/\/neutrale.al\/index.php\/wp-json\/wp\/v2\/users\/2"}],"replies":[{"embeddable":true,"href":"https:\/\/neutrale.al\/index.php\/wp-json\/wp\/v2\/comments?post=18784"}],"version-history":[{"count":1,"href":"https:\/\/neutrale.al\/index.php\/wp-json\/wp\/v2\/posts\/18784\/revisions"}],"predecessor-version":[{"id":18786,"href":"https:\/\/neutrale.al\/index.php\/wp-json\/wp\/v2\/posts\/18784\/revisions\/18786"}],"wp:featuredmedia":[{"embeddable":true,"href":"https:\/\/neutrale.al\/index.php\/wp-json\/wp\/v2\/media\/18785"}],"wp:attachment":[{"href":"https:\/\/neutrale.al\/index.php\/wp-json\/wp\/v2\/media?parent=18784"}],"wp:term":[{"taxonomy":"category","embeddable":true,"href":"https:\/\/neutrale.al\/index.php\/wp-json\/wp\/v2\/categories?post=18784"},{"taxonomy":"post_tag","embeddable":true,"href":"https:\/\/neutrale.al\/index.php\/wp-json\/wp\/v2\/tags?post=18784"}],"curies":[{"name":"wp","href":"https:\/\/api.w.org\/{rel}","templated":true}]}}