{"id":18751,"date":"2022-09-13T10:14:45","date_gmt":"2022-09-13T10:14:45","guid":{"rendered":"https:\/\/neutrale.al\/?p=18751"},"modified":"2022-09-13T10:19:07","modified_gmt":"2022-09-13T10:19:07","slug":"albert-avduli-reforma-territoriale-dhe-mallakastra","status":"publish","type":"post","link":"https:\/\/neutrale.al\/index.php\/2022\/09\/13\/albert-avduli-reforma-territoriale-dhe-mallakastra\/","title":{"rendered":"Albert Avduli\/ Reforma territoriale dhe Mallakastra"},"content":{"rendered":"<p>Ekspert\u00ebt kan\u00eb hedhur iden\u00eb q\u00eb Mallakastra t\u00eb ket\u00eb dy Bashki, Ballshin dhe Fratarin.<br \/>\nN\u00eb plan t\u00eb par\u00eb duket se gjith\u00e7ka shkon n\u00eb vij\u00eb t\u00eb drejt\u00eb logjike, por duhet par\u00eb m\u00eb tej, lidhur edhe me ndarjen administrative brenda qarkut.<\/p>\n<p>Konkretisht \u00ebsht\u00eb propozuar q\u00eb Cakrani, Levani dhe nj\u00ebsit\u00eb e tjera p\u00ebrreth t\u00eb krijojn\u00eb nj\u00eb bashki m\u00eb vete.<\/p>\n<p>K\u00ebtu do ndal, referuar nj\u00eb mori faktor\u00ebsh p\u00ebr t\u00eb kund\u00ebrshtuar k\u00ebt\u00eb bashkim Cakran-Levan, p\u00ebr t\u00eb qen\u00eb m\u00eb i qart\u00eb, Cakrani nuk lidhet organikisht me Levanin.<\/p>\n<p>Po, Cakrani duhet t\u00eb jet\u00eb Bashki, por jo me Levanin dhe t\u00eb tjera.<\/p>\n<p>Theksoj: &#8220;Cakrani, popullsia mbi 17 mij\u00eb banor,<br \/>\nqend\u00ebr sh\u00ebndet\u00ebsore me personel 32 vet\u00eb,  stadium i koh\u00ebs, shkoll\u00eb e mesme me kapacitet 450 nx\u00ebn\u00ebs dhe 5 shkolla 9 vje\u00e7are me 3 shkolla vart\u00ebse&#8221;- simbas Vladimir Kor\u00e7ari, ish kryetar i komun\u00ebs<\/p>\n<p>Cakrani duhet t\u00eb jet\u00eb bashkia e dyt\u00eb e Mallakstr\u00ebs, si e drejt\u00eb historike, si infrastruktur\u00eb dhe popullsi.<br \/>\nDuhet t\u00eb jet\u00eb bashkia Mallakast\u00ebr e Lugin\u00ebs s\u00eb Vjos\u00ebs.<\/p>\n<p>Paraprakisht dua t\u00eb sqaroj se n\u00eb planin e ngusht\u00eb dhe shum\u00eb ngusht\u00eb, un\u00eb dua Fratarin qend\u00ebr, se nuk jam nga Cakrani, por kjo \u00e7\u00ebshtje s&#8217;ka t\u00eb b\u00ebj\u00eb me fshatin nga \u00ebsht\u00eb nj\u00ebri apo tjetri.<\/p>\n<p>Rruga e re e lugin\u00ebs \u00ebsht\u00eb ndihm\u00ebs unifikues i faktor\u00ebve t\u00eb tjer\u00eb krahinor e shekullor.<\/p>\n<p>Cilat nj\u00ebsi duhet t\u00eb formojn\u00eb k\u00ebt\u00eb bashki ?<\/p>\n<p>Cakranin vet\u00eb, Hekalin, Fratarin dhe Kut\u00ebn.<br \/>\nFratari \u00ebsht\u00eb nj\u00ebsi m\u00eb kodrinore dhe dikur nuk zbriste n\u00eb Vjos\u00eb, por me kushtet e reja t\u00eb infrastruktur\u00ebs b\u00ebhet pjes\u00eb organike e lugin\u00ebs s\u00eb lumit t\u00eb eg\u00ebr.<br \/>\nArsyet jan\u00eb historike, tradicionale, etnografike dhe ekonomike.<\/p>\n<p>Nj\u00eb bashki si e Fratarit, me pak resurse e banor\u00eb do t\u00eb mbetej p\u00ebrher\u00eb anemike dhe e pafuqishme p\u00ebr t\u00eb krijuar zhvillim n\u00eb fshatrat e saj.<br \/>\nNj\u00eb bashki e till\u00eb nuk i duhet asnj\u00eb qytetari.<\/p>\n<p>Vet\u00ebm nj\u00eb &#8220;thyerje&#8221; mentale ka n\u00eb bashkimin me Cakranin, Mallakast\u00ebr e eg\u00ebr dhe e but\u00eb, por ky \u00ebsht\u00eb nj\u00eb p\u00ebrcaktim i brendsh\u00ebm krahinor dhe m\u00eb tep\u00ebr ka lidhje me temperamentin e t\u00eb &#8220;ep\u00ebrmve&#8221; dhe asnj\u00eb tjet\u00ebr efekt.<\/p>\n<p>Bashkia Cakran ngrihet shpejt dhe fuqizohet rrufesh\u00ebm.<br \/>\nMij\u00ebra hektar\u00eb tok\u00eb fush\u00eb, mij\u00ebra hektar\u00eb kod\u00ebr e pyje, mij\u00ebra hektar\u00eb pemtari, ullishte e vreshta, blegtori, Vjosa dhe p\u00ebrpar\u00ebsit\u00eb e saj, Lumi tjet\u00ebr, i Povl\u00ebs nuk n\u00ebnvleft\u00ebsohet. Kremenari me minier\u00ebn e gurit, Hekali me Bylisin, Klosi me Nikaja, Cakrani me Gur\u00ebzez\u00ebn, Po\u00e7emi me basenin e uj\u00ebrave minerale, por edhe me ur\u00ebn mbi Vjos\u00eb q\u00eb e lidh zon\u00ebn me bashkin\u00eb Selenic\u00eb e Vlor\u00eb. Kuta me qytet\u00ebrimin e saj, \u00c7orrushi me 13 lagje sa 13 fshatra. Damsi- Bejari- Zajimaj me fabrikat dhe tregjet, Nin\u00ebshi dhe Gadurova me vreshtat e pyjet, Sulaj e Povla me nj\u00eb tjet\u00ebr lugin\u00eb n\u00eb brend\u00ebsi t\u00eb Mallakastr\u00ebs.<br \/>\nPe\u00e7aj si kufi ndar\u00ebs me Tepelen\u00ebn. Drizari me dafin\u00ebn dhe teqen\u00eb, An\u00ebbregu me prodhim ullinjsh, vreshta e blegtori.<br \/>\nRromsi me ullinjt\u00eb, fush\u00ebn, pyllin me ko\u00e7imare dhe drur\u00eb mesdhetar\u00eb.<br \/>\nMollaj si nj\u00eb oaz begatie, Kojla\u00e7i dhe Povla si gjerdan pasurie.<\/p>\n<p>Bashkia aktuale e Ballshit humbet disa nj\u00ebsi administrative, por asaj detyrimisht duhet t&#8217;i shtohen gjith\u00eb fshatrat e Kasnic\u00ebs dhe Patosi fshat deri n\u00eb Qaf\u00ebn e Lalarit.<\/p>\n<p>Me k\u00ebt\u00eb ndarje hipotetike, Mallakastra prap\u00eb e cunguar mbetet, mbasi pjesa m\u00eb e madhe e Patosit, nj\u00ebsit\u00eb Ruzhdije dhe Kurjan mbeten jasht\u00eb nj\u00ebsis\u00eb territoriale.<\/p>\n<p>Analiza duhet m\u00eb e thell\u00eb sigurisht, por hodha k\u00ebt\u00eb ide nisur nga njohurit\u00eb q\u00eb kam si ish drejtues i Bashkis\u00eb Ballsh.<\/p>\n<p><img loading=\"lazy\" loading=\"lazy\" decoding=\"async\" src=\"https:\/\/neutrale.al\/wp-content\/uploads\/2022\/09\/1FA08349-1D0C-4621-ACB8-EEC511309631-300x300.jpeg\" alt=\"\" width=\"300\" height=\"300\" class=\"alignnone size-medium wp-image-18752\" srcset=\"https:\/\/neutrale.al\/wp-content\/uploads\/2022\/09\/1FA08349-1D0C-4621-ACB8-EEC511309631-300x300.jpeg 300w, https:\/\/neutrale.al\/wp-content\/uploads\/2022\/09\/1FA08349-1D0C-4621-ACB8-EEC511309631-1024x1024.jpeg 1024w, https:\/\/neutrale.al\/wp-content\/uploads\/2022\/09\/1FA08349-1D0C-4621-ACB8-EEC511309631-150x150.jpeg 150w, https:\/\/neutrale.al\/wp-content\/uploads\/2022\/09\/1FA08349-1D0C-4621-ACB8-EEC511309631-768x768.jpeg 768w, https:\/\/neutrale.al\/wp-content\/uploads\/2022\/09\/1FA08349-1D0C-4621-ACB8-EEC511309631-860x860.jpeg 860w, https:\/\/neutrale.al\/wp-content\/uploads\/2022\/09\/1FA08349-1D0C-4621-ACB8-EEC511309631.jpeg 1080w\" sizes=\"auto, (max-width: 300px) 100vw, 300px\" \/><\/p>\n<p><img loading=\"lazy\" loading=\"lazy\" decoding=\"async\" src=\"https:\/\/neutrale.al\/wp-content\/uploads\/2022\/09\/628C1B1B-38B9-4495-89A9-21BE6FFED541-300x185.jpeg\" alt=\"\" width=\"300\" height=\"185\" class=\"alignnone size-medium wp-image-18753\" srcset=\"https:\/\/neutrale.al\/wp-content\/uploads\/2022\/09\/628C1B1B-38B9-4495-89A9-21BE6FFED541-300x185.jpeg 300w, https:\/\/neutrale.al\/wp-content\/uploads\/2022\/09\/628C1B1B-38B9-4495-89A9-21BE6FFED541-1024x631.jpeg 1024w, https:\/\/neutrale.al\/wp-content\/uploads\/2022\/09\/628C1B1B-38B9-4495-89A9-21BE6FFED541-768x473.jpeg 768w, https:\/\/neutrale.al\/wp-content\/uploads\/2022\/09\/628C1B1B-38B9-4495-89A9-21BE6FFED541-860x530.jpeg 860w, https:\/\/neutrale.al\/wp-content\/uploads\/2022\/09\/628C1B1B-38B9-4495-89A9-21BE6FFED541.jpeg 1076w\" sizes=\"auto, (max-width: 300px) 100vw, 300px\" \/><\/p>\n<p><img loading=\"lazy\" loading=\"lazy\" decoding=\"async\" src=\"https:\/\/neutrale.al\/wp-content\/uploads\/2022\/09\/9C8706F5-AC4C-4A3C-8BDF-F861D8D9A9EB-264x300.jpeg\" alt=\"\" width=\"264\" height=\"300\" class=\"alignnone size-medium wp-image-18754\" srcset=\"https:\/\/neutrale.al\/wp-content\/uploads\/2022\/09\/9C8706F5-AC4C-4A3C-8BDF-F861D8D9A9EB-264x300.jpeg 264w, https:\/\/neutrale.al\/wp-content\/uploads\/2022\/09\/9C8706F5-AC4C-4A3C-8BDF-F861D8D9A9EB-902x1024.jpeg 902w, https:\/\/neutrale.al\/wp-content\/uploads\/2022\/09\/9C8706F5-AC4C-4A3C-8BDF-F861D8D9A9EB-768x872.jpeg 768w, https:\/\/neutrale.al\/wp-content\/uploads\/2022\/09\/9C8706F5-AC4C-4A3C-8BDF-F861D8D9A9EB-860x976.jpeg 860w, https:\/\/neutrale.al\/wp-content\/uploads\/2022\/09\/9C8706F5-AC4C-4A3C-8BDF-F861D8D9A9EB.jpeg 1080w\" sizes=\"auto, (max-width: 264px) 100vw, 264px\" \/><\/p>\n<p><img loading=\"lazy\" loading=\"lazy\" decoding=\"async\" src=\"https:\/\/neutrale.al\/wp-content\/uploads\/2022\/09\/9289A076-899E-4EB1-8AF0-6CAC95597141-300x131.jpeg\" alt=\"\" width=\"300\" height=\"131\" class=\"alignnone size-medium wp-image-18755\" srcset=\"https:\/\/neutrale.al\/wp-content\/uploads\/2022\/09\/9289A076-899E-4EB1-8AF0-6CAC95597141-300x131.jpeg 300w, https:\/\/neutrale.al\/wp-content\/uploads\/2022\/09\/9289A076-899E-4EB1-8AF0-6CAC95597141-1024x448.jpeg 1024w, https:\/\/neutrale.al\/wp-content\/uploads\/2022\/09\/9289A076-899E-4EB1-8AF0-6CAC95597141-768x336.jpeg 768w, https:\/\/neutrale.al\/wp-content\/uploads\/2022\/09\/9289A076-899E-4EB1-8AF0-6CAC95597141-860x376.jpeg 860w, https:\/\/neutrale.al\/wp-content\/uploads\/2022\/09\/9289A076-899E-4EB1-8AF0-6CAC95597141.jpeg 1080w\" sizes=\"auto, (max-width: 300px) 100vw, 300px\" \/><\/p>\n<p><img loading=\"lazy\" loading=\"lazy\" decoding=\"async\" src=\"https:\/\/neutrale.al\/wp-content\/uploads\/2022\/09\/A0A37E1F-B423-475A-A6C6-EA94FCD3C033-261x300.jpeg\" alt=\"\" width=\"261\" height=\"300\" class=\"alignnone size-medium wp-image-18756\" srcset=\"https:\/\/neutrale.al\/wp-content\/uploads\/2022\/09\/A0A37E1F-B423-475A-A6C6-EA94FCD3C033-261x300.jpeg 261w, https:\/\/neutrale.al\/wp-content\/uploads\/2022\/09\/A0A37E1F-B423-475A-A6C6-EA94FCD3C033-890x1024.jpeg 890w, https:\/\/neutrale.al\/wp-content\/uploads\/2022\/09\/A0A37E1F-B423-475A-A6C6-EA94FCD3C033-768x884.jpeg 768w, https:\/\/neutrale.al\/wp-content\/uploads\/2022\/09\/A0A37E1F-B423-475A-A6C6-EA94FCD3C033-860x990.jpeg 860w, https:\/\/neutrale.al\/wp-content\/uploads\/2022\/09\/A0A37E1F-B423-475A-A6C6-EA94FCD3C033.jpeg 1080w\" sizes=\"auto, (max-width: 261px) 100vw, 261px\" \/><\/p>\n","protected":false},"excerpt":{"rendered":"<p>Ekspert\u00ebt kan\u00eb hedhur iden\u00eb q\u00eb Mallakastra t\u00eb ket\u00eb dy Bashki, Ballshin dhe Fratarin. N\u00eb plan t\u00eb par\u00eb duket se gjith\u00e7ka shkon n\u00eb vij\u00eb t\u00eb drejt\u00eb logjike, por duhet par\u00eb m\u00eb tej, lidhur edhe me ndarjen administrative brenda qarkut. Konkretisht \u00ebsht\u00eb propozuar q\u00eb Cakrani, Levani dhe nj\u00ebsit\u00eb e tjera p\u00ebrreth t\u00eb krijojn\u00eb nj\u00eb bashki m\u00eb vete. [&hellip;]<\/p>\n","protected":false},"author":2,"featured_media":18757,"comment_status":"open","ping_status":"open","sticky":false,"template":"","format":"standard","meta":{"footnotes":""},"categories":[114],"tags":[],"class_list":{"0":"post-18751","1":"post","2":"type-post","3":"status-publish","4":"format-standard","5":"has-post-thumbnail","7":"category-editorial"},"_links":{"self":[{"href":"https:\/\/neutrale.al\/index.php\/wp-json\/wp\/v2\/posts\/18751","targetHints":{"allow":["GET"]}}],"collection":[{"href":"https:\/\/neutrale.al\/index.php\/wp-json\/wp\/v2\/posts"}],"about":[{"href":"https:\/\/neutrale.al\/index.php\/wp-json\/wp\/v2\/types\/post"}],"author":[{"embeddable":true,"href":"https:\/\/neutrale.al\/index.php\/wp-json\/wp\/v2\/users\/2"}],"replies":[{"embeddable":true,"href":"https:\/\/neutrale.al\/index.php\/wp-json\/wp\/v2\/comments?post=18751"}],"version-history":[{"count":2,"href":"https:\/\/neutrale.al\/index.php\/wp-json\/wp\/v2\/posts\/18751\/revisions"}],"predecessor-version":[{"id":18759,"href":"https:\/\/neutrale.al\/index.php\/wp-json\/wp\/v2\/posts\/18751\/revisions\/18759"}],"wp:featuredmedia":[{"embeddable":true,"href":"https:\/\/neutrale.al\/index.php\/wp-json\/wp\/v2\/media\/18757"}],"wp:attachment":[{"href":"https:\/\/neutrale.al\/index.php\/wp-json\/wp\/v2\/media?parent=18751"}],"wp:term":[{"taxonomy":"category","embeddable":true,"href":"https:\/\/neutrale.al\/index.php\/wp-json\/wp\/v2\/categories?post=18751"},{"taxonomy":"post_tag","embeddable":true,"href":"https:\/\/neutrale.al\/index.php\/wp-json\/wp\/v2\/tags?post=18751"}],"curies":[{"name":"wp","href":"https:\/\/api.w.org\/{rel}","templated":true}]}}