{"id":18734,"date":"2022-09-13T08:28:16","date_gmt":"2022-09-13T08:28:16","guid":{"rendered":"https:\/\/neutrale.al\/?p=18734"},"modified":"2022-09-13T08:28:16","modified_gmt":"2022-09-13T08:28:16","slug":"bislim-ahmetaj-azem-hajdari-ishte-dhe-mbeti-njeri","status":"publish","type":"post","link":"https:\/\/neutrale.al\/index.php\/2022\/09\/13\/bislim-ahmetaj-azem-hajdari-ishte-dhe-mbeti-njeri\/","title":{"rendered":"Bislim AHMETAJ\/Azem Hajdari  ishte dhe mbeti NJERI!"},"content":{"rendered":"<p>Cili  prej nesh q\u00eb jemi gjall\u00eb apo e konsiderojm\u00eb  jet\u00eb dinjitoze  k\u00ebt\u00eb jet\u00eb q\u00eb po b\u00ebjm\u00eb n\u00eb k\u00ebt\u00eb  koh\u00eb  t\u00eb trubullt\u00eb sociale, ekonomike dhe politik\u00eb nuk do t\u2019ja  kishte lakmi jet\u00ebs s\u00eb shkurt\u00ebr por  t\u00eb mbushur me ngjarje t\u00eb Azem Hajdarit!? <\/p>\n<p>Ai pati nj\u00eb jet\u00eb t\u00eb pasur, me maja dhe me humnera, me drit\u00eb dhe me hije, me lavdi dhe me thyerje dhe jeta e tij zgjati  vet\u00ebm 35 vite,  6 muaj dhe 12 dit\u00eb?!<\/p>\n<p>P\u00ebrgjigjet e k\u00ebsaj pyetje (plot\u00eb dilema p\u00ebr shum\u00ebk\u00ebnd ) p\u00ebr mua  p\u00ebrsonalisht jan\u00eb krejt t\u00eb thjeshta .  Kjo  edhe p\u00ebr faktin se e kam njohur nga af\u00ebr n\u00eb arritje dhe n\u00eb \u201cd\u00ebshtime\u201d deri nat\u00ebn fatale kur plumbat e arm\u00ebve t\u00eb policis\u00eb s\u00eb shtetit e ndan\u00eb fizikisht prej atyre q\u00eb e \u00e7muan  dhe e anatemuan p\u00ebr s\u00eb gjalli dhe m\u00eb pas p\u00ebr s\u00eb vdekuri.<\/p>\n<p>Un\u00eb n\u00eb k\u00ebto rradh\u00eb s\u2019kam nd\u00ebrmend t\u00eb shpalos gjith\u00eb bank\u00ebn e vlerave q\u00eb barti jeta e  tij e shkurt\u00ebr,  por gjith\u00ebsesi do t\u00eb mundohem ti jap  nj\u00eb p\u00ebrgjigje  sa m\u00eb adekuate titullit t\u00eb k\u00ebtij shkrimi dhe p\u00ebr k\u00ebt\u00eb do t\u00eb  m\u00eb duhet t\u00eb b\u00ebj nj\u00eb portret t\u00eb shkurt\u00ebr t\u00eb veprimtaris\u00eb jet\u00ebsore t\u00eb Azem Hajdarit.<br \/>\nJet\u00eb dhe veprimtari  q\u00eb e diferencoj at\u00eb duksh\u00ebm dhe  cil\u00ebsisht nga brezi yn\u00eb q\u00eb solli ndryshimin e madh.  Brez q\u00eb b\u00ebri histori dhe  i dha Shqip\u00ebris\u00eb ngjarjen m\u00eb t\u00eb \u00e7muar pas shpalljes s\u00eb Pavar\u00ebsis\u00eb n\u00eb 912, L\u00ebvizjen Studentore, levizje  q\u00eb shembi diktatur\u00ebn komuniste dhe legalizoj pluralizmin politik,  l\u00ebvizje  t\u00eb cil\u00ebs i priu me dinjitet dhe vendosm\u00ebri  Azem Hajdari. <\/p>\n<p>Po pse ishte dhe mbeti nj\u00ebri Azem Hajdari?!<\/p>\n<p>Pik\u00eb s\u00eb pari, sepse ai i besonte dashuris\u00eb dhe familjes.<br \/>\nKur ne lexonim romanin e Hans Falad\u00ebs \u201cPo tani o i shkret\u00eb\u201d ai guxoj dhe u martua, krijoj familje , lindi f\u00ebmij\u00eb, punoj fort dhe i doli p\u00ebr zot\u00eb familjes s\u00eb tij si pak kush n\u00eb ato koh\u00eb t\u00eb trishta varf\u00ebrie.  Ai  jo vet\u00ebm q\u00eb ishte nj\u00eb  prind i dashur dhe i mir\u00eb por edhe dinjitoz.(Azemi u martua kur ishte vet\u00ebm 17 vje\u00e7 dhe u ba baba pak pa i mbushur 20 vite ) Q\u00eb ai i besont\u00eb dashuris\u00eb dhe familjes  e vertetoj fakti  se ai u nda nga kjo jet\u00eb me at\u00eb dashuri dhe me at\u00eb familje.<\/p>\n<p>Sepse ai i  besonte Zotit. <\/p>\n<p>Kur besimi te Zoti ndalohej me ligj dhe Dervishi i Luzh\u00ebs ishte identikiti i anatemimit  t\u00eb fes\u00eb n\u00eb vendlindjen e Azem Hajdarit, ai e respektonte dhe e konsideronte at\u00eb si nj\u00eb vler\u00eb t\u00eb \u00e7muar jo vet\u00ebm p\u00ebr vendlindjen e tij. M\u00eb von\u00eb ai e demostroj k\u00ebt\u00eb besim sepse u b\u00eb inisiatori i nd\u00ebrtimit t\u00eb Tyrbes s\u00eb Dervishit t\u00eb Luzh\u00ebs q\u00eb n\u00eb vendlindjen e tij e besojn\u00eb t\u00eb gjith\u00eb besimtar\u00ebt e Zotit pa dallim.<\/p>\n<p>Sepse ai i besonte lirise dhe vlerave t\u00eb saj. <\/p>\n<p>Edhe pse p\u00ebrsonalisht ai  nuk pati ndonj\u00eb \u201cshtypje\u201d t\u00eb drejt\u00ebp\u00ebrdrejt\u00eb nga njollat n\u00eb biografi prej regjimit komunist, ai e ndjente dhe e p\u00ebrjetonte nj\u00eblloj si ata q\u00eb vuanin burgimet , internimet dhe p\u00ebrbuzjen q\u00eb demostronte  diktatura komuniste ndaj nj\u00eb pjese t\u00eb shoq\u00ebris\u00eb dhe k\u00ebt\u00eb e tregoj m\u00eb s\u00eb miri kur u ngujua n\u00eb grev\u00eb urie m\u00eb ish t\u00eb p\u00ebrndjekurit politik p\u00ebr t\u00eb drejtat e tyre n\u00eb koh\u00ebn kur qeveriste partia q\u00eb ai kishte themeluar n\u00eb dhjetor t\u00eb 90-\u00ebs.<\/p>\n<p>Sepse ai e \u00e7monte dhe ja dinte fuqin\u00eb  liris\u00eb s\u00eb shtypit dhe fjal\u00ebs s\u00eb lir\u00eb. <\/p>\n<p>Azemi nuk njihet si ndonj\u00eb editorialist apo gazetar i spikatur por njihet prej gjith\u00eb bashk\u00ebkoh\u00ebsve t\u00eb tij \u201cpro dhe kund\u00ebr\u201d q\u00eb sot jan\u00eb \u201cmbret\u00ebrit\u201d e medias s\u00eb shkruar dhe elektronike si avokati dhe mbrojt\u00ebsi i tyre m\u00eb konseguent\u00eb  n\u00eb koh\u00ebn  kur rinisi \u201c\u00e7ensura\u201d ndaj shtypit. Besoj ju kujtohet kur Azem Hajdari behej Kryetar I K\u00ebshillit Botues t\u00eb gazet\u00ebs \u201cKoha Jon\u00eb\u201d p\u00ebr tu b\u00ebr\u00eb mburoj e shtypit t\u00eb lir\u00eb. Besoj ju kujtohet kur behej inisiator dhe mb\u00ebshtet\u00ebs i themelimit t\u00eb televizionit t\u00eb par\u00eb privat n\u00eb Shqip\u00ebri \u201cSHIJAK TV\u201d , Gjithkujt\u00eb i kujtohet ngujimi i Azem Hajdarit n\u00eb  grev\u00eb urie n\u00eb nj\u00eb furgon para Televizionit Shqiptar\u00eb n\u00eb 98 kur ky Televizioni public ishte shnd\u00ebrruar n\u00eb z\u00ebdh\u00ebn\u00ebs t\u00eb krimit dhe t\u00eb bandave q\u00eb qeverisnin Shqip\u00ebrin\u00eb.<\/p>\n<p>Sepse ai ngjallte besim dhe shpres\u00eb kudo dhe te kushdo.<\/p>\n<p>Brenda vet\u00ebs s\u00eb tij kishte lindur dhe ishte rritur lideri i padiskutuesh\u00ebm, k\u00ebt\u00eb cil\u00ebsi ai e shfaqi  qysh dit\u00ebn e par\u00eb q\u00eb u ngjit\u00eb mbi nj\u00eb gur\u00eb n\u00eb Qytetin Studenti dhe i vuri gjoksin betej\u00ebs p\u00ebr liri dhe demokraci. Guximi i logjiksh\u00ebm dhe besnik\u00ebria ndaj t\u00eb vertet\u00ebs e shnd\u00ebrruan Azem Hajdarin n\u00eb burim shprese dhe besimi p\u00ebr \u00e7do shqiptar\u00eb pa dallim nga Konispoli n\u00eb Koplik,  nga Korabi n\u00eb Ku\u00e7, nga Kor\u00e7a n\u00eb Kurbin.<\/p>\n<p>Sepse ai nuk b\u00ebnte kompromise n\u00eb kurriz t\u00eb parimeve themelore t\u00eb liris\u00eb, demokracis\u00eb  dhe  \u00e7eshtjes ton\u00eb komb\u00ebtare.<\/p>\n<p>Ai se njihte servilizmin, l\u00ebpirjen, intrigat, hakmarrjen, hajnin\u00eb dhe zollumin, vese k\u00ebto q\u00eb i bartnin dhe i bartin me shumic\u00eb koleg\u00ebt e tij deputet\u00eb majtas dhe djathtas. Mungesa e k\u00ebtyre veseve n\u00eb karakterin  e tij ja pamund\u00ebsoj p\u00ebrfshirjen n\u00ebp\u00ebr kabinetet q\u00ebveritare edhe pse ishte kryetari i par\u00eb i Partis\u00eb Demokratike, edhe pse ishte zgjedhur kat\u00ebr her\u00eb deputet  n\u00eb kat\u00ebr zona t\u00eb ndryshme t\u00eb vendit me num\u00ebr record votash. Po t\u00eb b\u00ebnte qoft\u00eb edhe nj\u00eb kopromis me t\u00eb keq\u00ebn , Ai, Azem Hajdari do t\u00eb ishte gjall\u00eb dhe ndoshta n\u00eb krye t\u00eb opozit\u00ebs s\u00eb sotshme q\u00eb na mungon t\u00eb gjith\u00ebve.<br \/>\nS\u00eb fundi kush e njohu Azem Hajdarin  dhe nuk e b\u00ebri mik p\u00ebr kok\u00eb .<br \/>\nN\u00eb miq\u00ebsi ai s\u2019b\u00ebnte dallime politike,  s\u2019njihte limite moshe, krahine, feje apo gjinie. Ai si\u00e7 e kishte t\u00eb leht\u00eb t\u00eb bisedonte me nj\u00eb ish t\u00eb burgosur politik  po aq natyrsh\u00ebm gjente fjal\u00ebt n\u00eb bisede m\u00eb nj\u00eb veteran t\u00eb Luft\u00ebs s\u00eb II. Biseda me nj\u00eb akademik p\u00ebr \u00e7eshtje filozofike ishte po aq e larmishme sa dreka me djemt\u00eb \u201ce fort\u00eb\u201d t\u00eb lagjes.  Po ta takoje njeher\u00eb v\u00ebshtir\u00eb q\u00eb t\u00eb mos miq\u00ebsoheshe me t\u00eb, sepse ai do t\u00eb gjent\u00eb tek secili  bashk\u00ebbiseduaes i tij nj\u00eb cil\u00ebsi t\u00eb p\u00ebrbashk\u00ebt q\u00eb t\u00eb k\u00ebnaqte n\u00eb dy kahje deshir\u00ebn p\u00ebr ta ngjizur  takimin n\u00eb miq\u00ebsi t\u00eb p\u00ebrhershme. Ai vler\u00ebsoj dhe u vler\u00ebsue prej t\u00eb gjith\u00eb atyre q\u00eb n\u00eb tranzicionin e v\u00ebshtir\u00eb dhe shpeshher\u00eb  t\u00eb pamundur shqiptar\u00eb u p\u00ebrpoq\u00ebn t\u00eb b\u00ebjn\u00eb t\u00eb mundur\u00ebn e mir\u00eb.<br \/>\nAzem Hajdarin e ndan\u00eb nga jeta ,  sepse nuk ishte buka e tyre, sepse i rrinte  ngusht\u00eb kostumi i njer\u00ebzve q\u00eb prodhuan k\u00ebt\u00eb tranzicion pa fund t\u00eb Shqip\u00ebris\u00eb, sepse liria dhe njeriu ishin dashuria dhe  pasioni i tij  p\u00ebrhersh\u00ebm.<\/p>\n<p><img loading=\"lazy\" loading=\"lazy\" decoding=\"async\" src=\"https:\/\/neutrale.al\/wp-content\/uploads\/2022\/09\/CDE01B17-7071-4B08-9674-DD1251EF19C8-250x300.jpeg\" alt=\"\" width=\"250\" height=\"300\" class=\"alignnone size-medium wp-image-18735\" srcset=\"https:\/\/neutrale.al\/wp-content\/uploads\/2022\/09\/CDE01B17-7071-4B08-9674-DD1251EF19C8-250x300.jpeg 250w, https:\/\/neutrale.al\/wp-content\/uploads\/2022\/09\/CDE01B17-7071-4B08-9674-DD1251EF19C8-853x1024.jpeg 853w, https:\/\/neutrale.al\/wp-content\/uploads\/2022\/09\/CDE01B17-7071-4B08-9674-DD1251EF19C8-768x922.jpeg 768w, https:\/\/neutrale.al\/wp-content\/uploads\/2022\/09\/CDE01B17-7071-4B08-9674-DD1251EF19C8-860x1032.jpeg 860w, https:\/\/neutrale.al\/wp-content\/uploads\/2022\/09\/CDE01B17-7071-4B08-9674-DD1251EF19C8.jpeg 1080w\" sizes=\"auto, (max-width: 250px) 100vw, 250px\" \/><\/p>\n","protected":false},"excerpt":{"rendered":"<p>Cili prej nesh q\u00eb jemi gjall\u00eb apo e konsiderojm\u00eb jet\u00eb dinjitoze k\u00ebt\u00eb jet\u00eb q\u00eb po b\u00ebjm\u00eb n\u00eb k\u00ebt\u00eb koh\u00eb t\u00eb trubullt\u00eb sociale, ekonomike dhe politik\u00eb nuk do t\u2019ja kishte lakmi jet\u00ebs s\u00eb shkurt\u00ebr por t\u00eb mbushur me ngjarje t\u00eb Azem Hajdarit!? Ai pati nj\u00eb jet\u00eb t\u00eb pasur, me maja dhe me humnera, me drit\u00eb dhe [&hellip;]<\/p>\n","protected":false},"author":2,"featured_media":18736,"comment_status":"open","ping_status":"open","sticky":false,"template":"","format":"standard","meta":{"footnotes":""},"categories":[2],"tags":[],"class_list":{"0":"post-18734","1":"post","2":"type-post","3":"status-publish","4":"format-standard","5":"has-post-thumbnail","7":"category-opinione"},"_links":{"self":[{"href":"https:\/\/neutrale.al\/index.php\/wp-json\/wp\/v2\/posts\/18734","targetHints":{"allow":["GET"]}}],"collection":[{"href":"https:\/\/neutrale.al\/index.php\/wp-json\/wp\/v2\/posts"}],"about":[{"href":"https:\/\/neutrale.al\/index.php\/wp-json\/wp\/v2\/types\/post"}],"author":[{"embeddable":true,"href":"https:\/\/neutrale.al\/index.php\/wp-json\/wp\/v2\/users\/2"}],"replies":[{"embeddable":true,"href":"https:\/\/neutrale.al\/index.php\/wp-json\/wp\/v2\/comments?post=18734"}],"version-history":[{"count":1,"href":"https:\/\/neutrale.al\/index.php\/wp-json\/wp\/v2\/posts\/18734\/revisions"}],"predecessor-version":[{"id":18737,"href":"https:\/\/neutrale.al\/index.php\/wp-json\/wp\/v2\/posts\/18734\/revisions\/18737"}],"wp:featuredmedia":[{"embeddable":true,"href":"https:\/\/neutrale.al\/index.php\/wp-json\/wp\/v2\/media\/18736"}],"wp:attachment":[{"href":"https:\/\/neutrale.al\/index.php\/wp-json\/wp\/v2\/media?parent=18734"}],"wp:term":[{"taxonomy":"category","embeddable":true,"href":"https:\/\/neutrale.al\/index.php\/wp-json\/wp\/v2\/categories?post=18734"},{"taxonomy":"post_tag","embeddable":true,"href":"https:\/\/neutrale.al\/index.php\/wp-json\/wp\/v2\/tags?post=18734"}],"curies":[{"name":"wp","href":"https:\/\/api.w.org\/{rel}","templated":true}]}}