{"id":18722,"date":"2022-09-13T08:21:22","date_gmt":"2022-09-13T08:21:22","guid":{"rendered":"https:\/\/neutrale.al\/?p=18722"},"modified":"2022-09-13T08:21:22","modified_gmt":"2022-09-13T08:21:22","slug":"rama-bmw-international-gs-trophy-2022-zgjodhi-shqiperine","status":"publish","type":"post","link":"https:\/\/neutrale.al\/index.php\/2022\/09\/13\/rama-bmw-international-gs-trophy-2022-zgjodhi-shqiperine\/","title":{"rendered":"Rama: BMW International GS TROPHY 2022 zgjodhi Shqip\u00ebrin\u00eb&#8230;"},"content":{"rendered":"<p>K\u00ebshtu e nis dit\u00ebn kryeministri Edi Rama, duke p\u00ebrcjell\u00eb fotografi nga aktiviteti i t\u00eb apasionuarve me motorra.<\/p>\n<p>Ja postimi:<\/p>\n<p>MIR\u00cbM\u00cbNGJES \ud83d\ude0a<\/p>\n<p>dhe me entuziazmin e pilot\u00ebve nga e gjith\u00eb bota, t\u00eb cil\u00ebt zgjodh\u00ebn Shqip\u00ebrin\u00eb p\u00ebr t\u00eb marr\u00eb pjes\u00eb n\u00eb BMW International GS TROPHY 2022, duke zbuluar e promovuar shtigje t\u00eb pashkelura natyrore t\u00eb vendit ton\u00eb, ju uroj nj\u00eb dit\u00eb t\u00eb mbar\u00eb\ud83d\ude4f<\/p>\n<p><img loading=\"lazy\" loading=\"lazy\" decoding=\"async\" src=\"https:\/\/neutrale.al\/wp-content\/uploads\/2022\/09\/A65C1BD7-9399-4193-B26E-FD521758DBB9-300x256.jpeg\" alt=\"\" width=\"300\" height=\"256\" class=\"alignnone size-medium wp-image-18723\" srcset=\"https:\/\/neutrale.al\/wp-content\/uploads\/2022\/09\/A65C1BD7-9399-4193-B26E-FD521758DBB9-300x256.jpeg 300w, https:\/\/neutrale.al\/wp-content\/uploads\/2022\/09\/A65C1BD7-9399-4193-B26E-FD521758DBB9-1024x873.jpeg 1024w, https:\/\/neutrale.al\/wp-content\/uploads\/2022\/09\/A65C1BD7-9399-4193-B26E-FD521758DBB9-768x655.jpeg 768w, https:\/\/neutrale.al\/wp-content\/uploads\/2022\/09\/A65C1BD7-9399-4193-B26E-FD521758DBB9-860x733.jpeg 860w, https:\/\/neutrale.al\/wp-content\/uploads\/2022\/09\/A65C1BD7-9399-4193-B26E-FD521758DBB9.jpeg 1080w\" sizes=\"auto, (max-width: 300px) 100vw, 300px\" \/><\/p>\n","protected":false},"excerpt":{"rendered":"<p>K\u00ebshtu e nis dit\u00ebn kryeministri Edi Rama, duke p\u00ebrcjell\u00eb fotografi nga aktiviteti i t\u00eb apasionuarve me motorra. Ja postimi: MIR\u00cbM\u00cbNGJES \ud83d\ude0a dhe me entuziazmin e pilot\u00ebve nga e gjith\u00eb bota, t\u00eb cil\u00ebt zgjodh\u00ebn Shqip\u00ebrin\u00eb p\u00ebr t\u00eb marr\u00eb pjes\u00eb n\u00eb BMW International GS TROPHY 2022, duke zbuluar e promovuar shtigje t\u00eb pashkelura natyrore t\u00eb vendit ton\u00eb, [&hellip;]<\/p>\n","protected":false},"author":2,"featured_media":18724,"comment_status":"open","ping_status":"open","sticky":false,"template":"","format":"standard","meta":{"footnotes":""},"categories":[118],"tags":[],"class_list":{"0":"post-18722","1":"post","2":"type-post","3":"status-publish","4":"format-standard","5":"has-post-thumbnail","7":"category-kryesore"},"_links":{"self":[{"href":"https:\/\/neutrale.al\/index.php\/wp-json\/wp\/v2\/posts\/18722","targetHints":{"allow":["GET"]}}],"collection":[{"href":"https:\/\/neutrale.al\/index.php\/wp-json\/wp\/v2\/posts"}],"about":[{"href":"https:\/\/neutrale.al\/index.php\/wp-json\/wp\/v2\/types\/post"}],"author":[{"embeddable":true,"href":"https:\/\/neutrale.al\/index.php\/wp-json\/wp\/v2\/users\/2"}],"replies":[{"embeddable":true,"href":"https:\/\/neutrale.al\/index.php\/wp-json\/wp\/v2\/comments?post=18722"}],"version-history":[{"count":1,"href":"https:\/\/neutrale.al\/index.php\/wp-json\/wp\/v2\/posts\/18722\/revisions"}],"predecessor-version":[{"id":18725,"href":"https:\/\/neutrale.al\/index.php\/wp-json\/wp\/v2\/posts\/18722\/revisions\/18725"}],"wp:featuredmedia":[{"embeddable":true,"href":"https:\/\/neutrale.al\/index.php\/wp-json\/wp\/v2\/media\/18724"}],"wp:attachment":[{"href":"https:\/\/neutrale.al\/index.php\/wp-json\/wp\/v2\/media?parent=18722"}],"wp:term":[{"taxonomy":"category","embeddable":true,"href":"https:\/\/neutrale.al\/index.php\/wp-json\/wp\/v2\/categories?post=18722"},{"taxonomy":"post_tag","embeddable":true,"href":"https:\/\/neutrale.al\/index.php\/wp-json\/wp\/v2\/tags?post=18722"}],"curies":[{"name":"wp","href":"https:\/\/api.w.org\/{rel}","templated":true}]}}