{"id":18713,"date":"2022-09-13T08:16:52","date_gmt":"2022-09-13T08:16:52","guid":{"rendered":"https:\/\/neutrale.al\/?p=18713"},"modified":"2022-09-13T08:16:52","modified_gmt":"2022-09-13T08:16:52","slug":"meta-rama-eshte-legen-cuni-i-netes-do-behet-kurban-i-metes","status":"publish","type":"post","link":"https:\/\/neutrale.al\/index.php\/2022\/09\/13\/meta-rama-eshte-legen-cuni-i-netes-do-behet-kurban-i-metes\/","title":{"rendered":"Meta: Rama \u00ebsht\u00eb legen, \u00e7uni i Net\u00ebs, do b\u00ebhet kurban i Met\u00ebs."},"content":{"rendered":"<p>Shum\u00eb i ashp\u00ebr Ilir Meta n\u00eb emisionin televiziv \u201cT\u00eb Paekspozuarit\u201d.<\/p>\n<p>Kreu i PL-s\u00eb tha se Rama \u00ebsht\u00eb \u201cnj\u00eb legen\u201d, Rama do dal\u00eb nga politika si \u201ckurban i Ilir Met\u00ebs\u201d.<\/p>\n<p>\u201cKy \u00ebsht\u00eb nj\u00eb legen, ai e di shum\u00eb mir\u00eb q\u00eb \u00ebsht\u00eb nj\u00eb legen. Ai erdhi n\u00eb politik\u00eb si \u00e7uni i Net\u00ebs, \u00e7un i mamit, dhe do dali nga politika si kurban i Met\u00ebs\u201d, tha ish presidenti<br \/>\nP\u00ebr protestat, ai u shpreh se \u201crruga e protestave, e ngritjes s\u00eb qytetar\u00ebve, \u00ebsht\u00eb ajo q\u00eb do t\u00eb rivendos\u00eb Shqip\u00ebrin\u00eb n\u00eb normalitet, pasi ai i ka kapur t\u00eb gjitha institucionet, parlamenti \u00ebsht\u00eb jo-funksional. Drejt\u00ebsia \u00ebsht\u00eb n\u00eb nj\u00eb presion t\u00eb vazhduesh\u00ebm\u201d.<\/p>\n","protected":false},"excerpt":{"rendered":"<p>Shum\u00eb i ashp\u00ebr Ilir Meta n\u00eb emisionin televiziv \u201cT\u00eb Paekspozuarit\u201d. Kreu i PL-s\u00eb tha se Rama \u00ebsht\u00eb \u201cnj\u00eb legen\u201d, Rama do dal\u00eb nga politika si \u201ckurban i Ilir Met\u00ebs\u201d. \u201cKy \u00ebsht\u00eb nj\u00eb legen, ai e di shum\u00eb mir\u00eb q\u00eb \u00ebsht\u00eb nj\u00eb legen. Ai erdhi n\u00eb politik\u00eb si \u00e7uni i Net\u00ebs, \u00e7un i mamit, dhe do [&hellip;]<\/p>\n","protected":false},"author":2,"featured_media":18714,"comment_status":"open","ping_status":"open","sticky":false,"template":"","format":"standard","meta":{"footnotes":""},"categories":[9],"tags":[27],"class_list":{"0":"post-18713","1":"post","2":"type-post","3":"status-publish","4":"format-standard","5":"has-post-thumbnail","7":"category-politika","8":"tag-lajme"},"_links":{"self":[{"href":"https:\/\/neutrale.al\/index.php\/wp-json\/wp\/v2\/posts\/18713","targetHints":{"allow":["GET"]}}],"collection":[{"href":"https:\/\/neutrale.al\/index.php\/wp-json\/wp\/v2\/posts"}],"about":[{"href":"https:\/\/neutrale.al\/index.php\/wp-json\/wp\/v2\/types\/post"}],"author":[{"embeddable":true,"href":"https:\/\/neutrale.al\/index.php\/wp-json\/wp\/v2\/users\/2"}],"replies":[{"embeddable":true,"href":"https:\/\/neutrale.al\/index.php\/wp-json\/wp\/v2\/comments?post=18713"}],"version-history":[{"count":1,"href":"https:\/\/neutrale.al\/index.php\/wp-json\/wp\/v2\/posts\/18713\/revisions"}],"predecessor-version":[{"id":18715,"href":"https:\/\/neutrale.al\/index.php\/wp-json\/wp\/v2\/posts\/18713\/revisions\/18715"}],"wp:featuredmedia":[{"embeddable":true,"href":"https:\/\/neutrale.al\/index.php\/wp-json\/wp\/v2\/media\/18714"}],"wp:attachment":[{"href":"https:\/\/neutrale.al\/index.php\/wp-json\/wp\/v2\/media?parent=18713"}],"wp:term":[{"taxonomy":"category","embeddable":true,"href":"https:\/\/neutrale.al\/index.php\/wp-json\/wp\/v2\/categories?post=18713"},{"taxonomy":"post_tag","embeddable":true,"href":"https:\/\/neutrale.al\/index.php\/wp-json\/wp\/v2\/tags?post=18713"}],"curies":[{"name":"wp","href":"https:\/\/api.w.org\/{rel}","templated":true}]}}