{"id":18695,"date":"2022-09-12T19:16:09","date_gmt":"2022-09-12T19:16:09","guid":{"rendered":"https:\/\/neutrale.al\/?p=18695"},"modified":"2022-09-12T19:16:09","modified_gmt":"2022-09-12T19:16:09","slug":"suedi-ulf-kristersson-fitoi-zgjedhjet-por-ja-pershendetja-me-emer-per-aktivistet","status":"publish","type":"post","link":"https:\/\/neutrale.al\/index.php\/2022\/09\/12\/suedi-ulf-kristersson-fitoi-zgjedhjet-por-ja-pershendetja-me-emer-per-aktivistet\/","title":{"rendered":"Suedi\/Ulf Kristersson fitoi zgjedhjet, por ja p\u00ebrsh\u00ebndetja me em\u00ebr p\u00ebr aktivist\u00ebt&#8230;"},"content":{"rendered":"<p>&#8220;Ndryshimi jo vet\u00ebm i nevojsh\u00ebm, por i mundsh\u00ebm&#8221;<\/p>\n<p>Po citojm\u00eb p\u00ebrsh\u00ebndetjen e kreut t\u00eb Moderaterna Kristersson:<\/p>\n<p>I dashur Urim,<\/p>\n<p> Tani votuesit kan\u00eb th\u00ebn\u00eb fjal\u00ebn e tyre.  Dhe ne kemi nj\u00eb rezultat preliminar zgjedhor.<\/p>\n<p> P\u00ebr ata prej jush q\u00eb kan\u00eb luftuar me ne, deri n\u00eb tjegull &#8211; ju keni b\u00ebr\u00eb nj\u00eb ndryshim t\u00eb v\u00ebrtet\u00eb.<\/p>\n<p>Ishte jasht\u00ebzakonisht e barabart\u00eb, ashtu si\u00e7 menduam.  Por \u00e7far\u00eb nxitimi kemi b\u00ebr\u00eb!  \u00c7far\u00eb arritje p\u00ebr t\u00eb gjith\u00eb partin\u00eb ton\u00eb!<\/p>\n<p> Ne kemi b\u00ebr\u00eb gjith\u00e7ka mundemi dhe e kemi b\u00ebr\u00eb me g\u00ebzim dhe krenari.  Ne jemi mbrojtur p\u00ebr vlerat dhe politik\u00ebn ton\u00eb.<\/p>\n<p> T\u00eb moderuarit nuk quhen vet\u00ebm Partia e Mbledhjes, ne JEMI Partia e Mbledhjes.  Dhe tani Suedia ka nevoj\u00eb pik\u00ebrisht p\u00ebr k\u00ebt\u00eb &#8211; koleksion.  Nuk e dim\u00eb ende se si p\u00ebrfundojn\u00eb k\u00ebto zgjedhje.  Ne t\u00eb moderuarit shkuam n\u00eb votime duke besuar se ndryshimi nuk \u00ebsht\u00eb vet\u00ebm i nevojsh\u00ebm &#8211; por se ndryshimi \u00ebsht\u00eb i mundur.  Dhe se ne mund ta udh\u00ebheqim at\u00eb.<\/p>\n<p> N\u00eb k\u00ebt\u00eb situat\u00eb, un\u00eb dua t\u00eb mbledh &#8211; jo t\u00eb ndaj.  Shihni \u00e7far\u00eb bashkon.  Dalloni midis sendit dhe personit.  Sillni nj\u00eb bised\u00eb t\u00eb rritur n\u00eb politik\u00ebn suedeze.<\/p>\n<p> Por un\u00eb do t\u00eb k\u00ebrkoja durim: rezultati p\u00ebrfundimtar duhet t\u00eb p\u00ebrcaktohet.<\/p>\n<p> Tashm\u00eb do t\u00eb filloj bisedimet me pal\u00ebt n\u00eb an\u00ebn time.  \u00cbsht\u00eb nj\u00eb detyr\u00eb p\u00ebr t\u00eb cil\u00ebn jam shum\u00eb modest.  Por un\u00eb jam gati t\u00eb b\u00ebj gjith\u00e7ka q\u00eb mundem p\u00ebr t\u00eb krijuar nj\u00eb qeveri t\u00eb re, t\u00eb q\u00ebndrueshme dhe efektive p\u00ebr t\u00eb gjith\u00eb Suedin\u00eb dhe t\u00eb gjith\u00eb qytetar\u00ebt.<\/p>\n<p> Faleminderit p\u00ebr gjith\u00eb mb\u00ebshtetjen tuaj gjat\u00eb k\u00ebtij udh\u00ebtimi t\u00eb gjat\u00eb.  Jan\u00eb t\u00eb gjith\u00eb ju q\u00eb mendoj kur vazhdoj t\u00eb them: ekipi para vetes.  Tani fillon etapa tjet\u00ebr drejt q\u00ebllimit \u2013 p\u00ebr t\u00eb rregulluar m\u00eb n\u00eb fund Suedin\u00eb!<\/p>\n<p> P\u00ebrsh\u00ebndetjet m\u00eb t\u00eb mira,<br \/>\n Ulf Kristersson<\/p>\n<p>&#8211; &#8211; &#8211; &#8211; &#8211; &#8211; &#8211; &#8211; &#8211; &#8211; &#8211; &#8211; &#8211; &#8211; &#8211; &#8211; &#8211; &#8211; &#8211; &#8211; &#8211;<\/p>\n<p>K\u00e4ra Urim, <\/p>\n<p>Nu har v\u00e4ljarna sagt sitt. Och vi har ett prelimin\u00e4rt valresultat. <\/p>\n<p>Till dig som har k\u00e4mpat med oss, hela v\u00e4gen in i kaklet \u2013 du har gjort verklig skillnad. Det blev oerh\u00f6rt j\u00e4mnt, precis som vi trodde. Men vilken valspurt vi har gjort! Vilken prestation f\u00f6r hela v\u00e5rt parti! <\/p>\n<p>Vi har gjort allt vi kan, och vi har gjort det med gl\u00e4dje och stolthet. Vi har st\u00e5tt upp f\u00f6r v\u00e5ra v\u00e4rderingar och v\u00e5r politik. <\/p>\n<p>Moderaterna inte bara heter Samlingspartiet, vi \u00c4R samlingspartiet. Och nu beh\u00f6ver Sverige precis det \u2013 samling. Vi vet \u00e4nnu inte hur detta val slutar. Vi moderater gick till val p\u00e5 att f\u00f6r\u00e4ndring inte bara \u00e4r n\u00f6dv\u00e4ndig \u2013 utan att f\u00f6r\u00e4ndring \u00e4r m\u00f6jlig. Och att vi kan leda den. <\/p>\n<p>I det h\u00e4r l\u00e4get vill jag samla \u2013 inte splittra. Se det som f\u00f6renar. Skilja p\u00e5 sak och person. F\u00e5 till st\u00e5nd ett vuxet samtal i svensk politik.<\/p>\n<p>Men jag vill be om t\u00e5lamod: det definitiva resultatet m\u00e5ste fastst\u00e4llas. <\/p>\n<p>Jag kommer redan nu inleda samtal med partierna p\u00e5 min sida. Det \u00e4r en uppgift jag \u00e4r mycket \u00f6dmjuk inf\u00f6r. Men jag st\u00e5r redo att g\u00f6ra allt jag kan f\u00f6r att skapa en ny, stabil och handlingskraftig regering f\u00f6r hela Sverige och alla medborgare.<\/p>\n<p>Tack f\u00f6r allt ert st\u00f6d under den h\u00e4r l\u00e5nga resan. Det \u00e4r alla er som jag t\u00e4nker p\u00e5 n\u00e4r jag st\u00e4ndigt s\u00e4ger: laget f\u00f6re jaget. Nu b\u00f6rjar n\u00e4sta etapp mot m\u00e5let \u2013 att \u00e4ntligen f\u00e5 ordning p\u00e5 Sverige!<\/p>\n<p>B\u00e4sta h\u00e4lsningar,<br \/>\nUlf Kristersson<\/p>\n<p><img loading=\"lazy\" loading=\"lazy\" decoding=\"async\" src=\"https:\/\/neutrale.al\/wp-content\/uploads\/2022\/09\/1777A7D7-67A6-4097-9919-50623F31AD3D-200x300.jpeg\" alt=\"\" width=\"200\" height=\"300\" class=\"alignnone size-medium wp-image-18696\" srcset=\"https:\/\/neutrale.al\/wp-content\/uploads\/2022\/09\/1777A7D7-67A6-4097-9919-50623F31AD3D-200x300.jpeg 200w, https:\/\/neutrale.al\/wp-content\/uploads\/2022\/09\/1777A7D7-67A6-4097-9919-50623F31AD3D-683x1024.jpeg 683w, https:\/\/neutrale.al\/wp-content\/uploads\/2022\/09\/1777A7D7-67A6-4097-9919-50623F31AD3D-768x1151.jpeg 768w, https:\/\/neutrale.al\/wp-content\/uploads\/2022\/09\/1777A7D7-67A6-4097-9919-50623F31AD3D-1025x1536.jpeg 1025w, https:\/\/neutrale.al\/wp-content\/uploads\/2022\/09\/1777A7D7-67A6-4097-9919-50623F31AD3D-860x1289.jpeg 860w, https:\/\/neutrale.al\/wp-content\/uploads\/2022\/09\/1777A7D7-67A6-4097-9919-50623F31AD3D.jpeg 1168w\" sizes=\"auto, (max-width: 200px) 100vw, 200px\" \/><\/p>\n<p><img loading=\"lazy\" loading=\"lazy\" decoding=\"async\" src=\"https:\/\/neutrale.al\/wp-content\/uploads\/2022\/09\/16FD3AFA-9D65-4EF8-9A79-3648A665225D-165x300.jpeg\" alt=\"\" width=\"165\" height=\"300\" class=\"alignnone size-medium wp-image-18697\" srcset=\"https:\/\/neutrale.al\/wp-content\/uploads\/2022\/09\/16FD3AFA-9D65-4EF8-9A79-3648A665225D-165x300.jpeg 165w, https:\/\/neutrale.al\/wp-content\/uploads\/2022\/09\/16FD3AFA-9D65-4EF8-9A79-3648A665225D-563x1024.jpeg 563w, https:\/\/neutrale.al\/wp-content\/uploads\/2022\/09\/16FD3AFA-9D65-4EF8-9A79-3648A665225D-768x1398.jpeg 768w, https:\/\/neutrale.al\/wp-content\/uploads\/2022\/09\/16FD3AFA-9D65-4EF8-9A79-3648A665225D-844x1536.jpeg 844w, https:\/\/neutrale.al\/wp-content\/uploads\/2022\/09\/16FD3AFA-9D65-4EF8-9A79-3648A665225D-1125x2048.jpeg 1125w, https:\/\/neutrale.al\/wp-content\/uploads\/2022\/09\/16FD3AFA-9D65-4EF8-9A79-3648A665225D-860x1566.jpeg 860w, https:\/\/neutrale.al\/wp-content\/uploads\/2022\/09\/16FD3AFA-9D65-4EF8-9A79-3648A665225D.jpeg 1169w\" sizes=\"auto, (max-width: 165px) 100vw, 165px\" \/><\/p>\n<p><img loading=\"lazy\" loading=\"lazy\" decoding=\"async\" src=\"https:\/\/neutrale.al\/wp-content\/uploads\/2022\/09\/0947C8CA-2935-44FD-84F9-920A5E6DE418-240x300.jpeg\" alt=\"\" width=\"240\" height=\"300\" class=\"alignnone size-medium wp-image-18698\" srcset=\"https:\/\/neutrale.al\/wp-content\/uploads\/2022\/09\/0947C8CA-2935-44FD-84F9-920A5E6DE418-240x300.jpeg 240w, https:\/\/neutrale.al\/wp-content\/uploads\/2022\/09\/0947C8CA-2935-44FD-84F9-920A5E6DE418-819x1024.jpeg 819w, https:\/\/neutrale.al\/wp-content\/uploads\/2022\/09\/0947C8CA-2935-44FD-84F9-920A5E6DE418-768x960.jpeg 768w, https:\/\/neutrale.al\/wp-content\/uploads\/2022\/09\/0947C8CA-2935-44FD-84F9-920A5E6DE418-860x1075.jpeg 860w, https:\/\/neutrale.al\/wp-content\/uploads\/2022\/09\/0947C8CA-2935-44FD-84F9-920A5E6DE418.jpeg 1170w\" sizes=\"auto, (max-width: 240px) 100vw, 240px\" \/><\/p>\n","protected":false},"excerpt":{"rendered":"<p>&#8220;Ndryshimi jo vet\u00ebm i nevojsh\u00ebm, por i mundsh\u00ebm&#8221; Po citojm\u00eb p\u00ebrsh\u00ebndetjen e kreut t\u00eb Moderaterna Kristersson: I dashur Urim, Tani votuesit kan\u00eb th\u00ebn\u00eb fjal\u00ebn e tyre. Dhe ne kemi nj\u00eb rezultat preliminar zgjedhor. P\u00ebr ata prej jush q\u00eb kan\u00eb luftuar me ne, deri n\u00eb tjegull &#8211; ju keni b\u00ebr\u00eb nj\u00eb ndryshim t\u00eb v\u00ebrtet\u00eb. Ishte jasht\u00ebzakonisht [&hellip;]<\/p>\n","protected":false},"author":2,"featured_media":18699,"comment_status":"open","ping_status":"open","sticky":false,"template":"","format":"standard","meta":{"footnotes":""},"categories":[12],"tags":[27],"class_list":{"0":"post-18695","1":"post","2":"type-post","3":"status-publish","4":"format-standard","5":"has-post-thumbnail","7":"category-bota","8":"tag-lajme"},"_links":{"self":[{"href":"https:\/\/neutrale.al\/index.php\/wp-json\/wp\/v2\/posts\/18695","targetHints":{"allow":["GET"]}}],"collection":[{"href":"https:\/\/neutrale.al\/index.php\/wp-json\/wp\/v2\/posts"}],"about":[{"href":"https:\/\/neutrale.al\/index.php\/wp-json\/wp\/v2\/types\/post"}],"author":[{"embeddable":true,"href":"https:\/\/neutrale.al\/index.php\/wp-json\/wp\/v2\/users\/2"}],"replies":[{"embeddable":true,"href":"https:\/\/neutrale.al\/index.php\/wp-json\/wp\/v2\/comments?post=18695"}],"version-history":[{"count":1,"href":"https:\/\/neutrale.al\/index.php\/wp-json\/wp\/v2\/posts\/18695\/revisions"}],"predecessor-version":[{"id":18700,"href":"https:\/\/neutrale.al\/index.php\/wp-json\/wp\/v2\/posts\/18695\/revisions\/18700"}],"wp:featuredmedia":[{"embeddable":true,"href":"https:\/\/neutrale.al\/index.php\/wp-json\/wp\/v2\/media\/18699"}],"wp:attachment":[{"href":"https:\/\/neutrale.al\/index.php\/wp-json\/wp\/v2\/media?parent=18695"}],"wp:term":[{"taxonomy":"category","embeddable":true,"href":"https:\/\/neutrale.al\/index.php\/wp-json\/wp\/v2\/categories?post=18695"},{"taxonomy":"post_tag","embeddable":true,"href":"https:\/\/neutrale.al\/index.php\/wp-json\/wp\/v2\/tags?post=18695"}],"curies":[{"name":"wp","href":"https:\/\/api.w.org\/{rel}","templated":true}]}}