{"id":18671,"date":"2022-09-12T16:38:52","date_gmt":"2022-09-12T16:38:52","guid":{"rendered":"https:\/\/neutrale.al\/?p=18671"},"modified":"2022-09-12T16:38:52","modified_gmt":"2022-09-12T16:38:52","slug":"basha-azem-hajdari-mbetet-burim-frymezimi-per-gjithe-brezat","status":"publish","type":"post","link":"https:\/\/neutrale.al\/index.php\/2022\/09\/12\/basha-azem-hajdari-mbetet-burim-frymezimi-per-gjithe-brezat\/","title":{"rendered":"Basha: Azem Hajdari mbetet burim frym\u00ebzimi p\u00ebr gjith\u00eb brezat."},"content":{"rendered":"<p>K\u00ebshtu shkruan ish kryetari i PD-s\u00eb, Lulzim Basha, n\u00eb p\u00ebrkujtim t\u00eb 24 vjetorit t\u00eb vrasjes s\u00eb Azem Hajdarit, lider i L\u00ebvizjes Studentore.<\/p>\n<p>Ja mesazhi i plot\u00eb:<\/p>\n<p>12 shtatori i 24 viteve m\u00eb par\u00eb \u00ebsht\u00eb gdhendur n\u00eb kujtes\u00ebn e \u00e7do shqiptari e n\u00eb ve\u00e7anti t\u00eb \u00e7do demokrati, si dita kur u vra pabesisht nj\u00eb simbol i demokracis\u00eb. Azem Hajdari, lideri i L\u00ebvizjes Studentore, mish\u00ebroi me vepr\u00ebn e tij vullnetin e nj\u00eb populli t\u00eb t\u00ebr\u00eb p\u00ebr t\u2019u p\u00ebrballur me diktatur\u00ebn komuniste dhe p\u00ebr t\u00eb sjell\u00eb ndryshimin e shum\u00ebpritur.<\/p>\n<p>P\u00ebrkushtimi dhe sakrifica e Azem Hajdarit kan\u00eb qen\u00eb dhe do t\u00eb mbeten p\u00ebrher\u00eb burim frym\u00ebzimi p\u00ebr t\u00eb gjitha brezat, sidomos p\u00ebr m\u00eb t\u00eb rinjt\u00eb, t\u00eb cil\u00ebt gjejn\u00eb te vepra e tij tiparet e kurajos qytetare, q\u00eb p\u00ebrmes angazhimit vetmohues e kthen politik\u00ebn n\u00eb nj\u00eb mjet n\u00eb sh\u00ebrbim t\u00eb s\u00eb mir\u00ebs, q\u00eb nuk i tutet as dhun\u00ebs, as krimit dhe as korrupsionit.<\/p>\n<p>Ndaj emri i tij do t\u00eb kujtohet p\u00ebrher\u00eb me mir\u00ebnjohje dhe krenari, si d\u00ebshmia m\u00eb e bukur e d\u00ebshir\u00ebs dhe energjis\u00eb s\u00eb pandalshme t\u00eb nj\u00eb populli p\u00ebr t\u00eb luftuar p\u00ebr liri dhe p\u00ebr t\u00eb nd\u00ebrtuar n\u00ebp\u00ebrmjet fryteve t\u00eb saj nj\u00eb t\u00eb ardhme m\u00eb t\u00eb mir\u00eb p\u00ebr Shqip\u00ebrin\u00eb.<\/p>\n<p>I paharruar kujtimi i tij!<\/p>\n","protected":false},"excerpt":{"rendered":"<p>K\u00ebshtu shkruan ish kryetari i PD-s\u00eb, Lulzim Basha, n\u00eb p\u00ebrkujtim t\u00eb 24 vjetorit t\u00eb vrasjes s\u00eb Azem Hajdarit, lider i L\u00ebvizjes Studentore. Ja mesazhi i plot\u00eb: 12 shtatori i 24 viteve m\u00eb par\u00eb \u00ebsht\u00eb gdhendur n\u00eb kujtes\u00ebn e \u00e7do shqiptari e n\u00eb ve\u00e7anti t\u00eb \u00e7do demokrati, si dita kur u vra pabesisht nj\u00eb simbol i [&hellip;]<\/p>\n","protected":false},"author":2,"featured_media":18672,"comment_status":"open","ping_status":"open","sticky":false,"template":"","format":"standard","meta":{"footnotes":""},"categories":[9],"tags":[27],"class_list":{"0":"post-18671","1":"post","2":"type-post","3":"status-publish","4":"format-standard","5":"has-post-thumbnail","7":"category-politika","8":"tag-lajme"},"_links":{"self":[{"href":"https:\/\/neutrale.al\/index.php\/wp-json\/wp\/v2\/posts\/18671","targetHints":{"allow":["GET"]}}],"collection":[{"href":"https:\/\/neutrale.al\/index.php\/wp-json\/wp\/v2\/posts"}],"about":[{"href":"https:\/\/neutrale.al\/index.php\/wp-json\/wp\/v2\/types\/post"}],"author":[{"embeddable":true,"href":"https:\/\/neutrale.al\/index.php\/wp-json\/wp\/v2\/users\/2"}],"replies":[{"embeddable":true,"href":"https:\/\/neutrale.al\/index.php\/wp-json\/wp\/v2\/comments?post=18671"}],"version-history":[{"count":1,"href":"https:\/\/neutrale.al\/index.php\/wp-json\/wp\/v2\/posts\/18671\/revisions"}],"predecessor-version":[{"id":18673,"href":"https:\/\/neutrale.al\/index.php\/wp-json\/wp\/v2\/posts\/18671\/revisions\/18673"}],"wp:featuredmedia":[{"embeddable":true,"href":"https:\/\/neutrale.al\/index.php\/wp-json\/wp\/v2\/media\/18672"}],"wp:attachment":[{"href":"https:\/\/neutrale.al\/index.php\/wp-json\/wp\/v2\/media?parent=18671"}],"wp:term":[{"taxonomy":"category","embeddable":true,"href":"https:\/\/neutrale.al\/index.php\/wp-json\/wp\/v2\/categories?post=18671"},{"taxonomy":"post_tag","embeddable":true,"href":"https:\/\/neutrale.al\/index.php\/wp-json\/wp\/v2\/tags?post=18671"}],"curies":[{"name":"wp","href":"https:\/\/api.w.org\/{rel}","templated":true}]}}