{"id":18651,"date":"2022-09-12T12:32:06","date_gmt":"2022-09-12T12:32:06","guid":{"rendered":"https:\/\/neutrale.al\/?p=18651"},"modified":"2022-09-12T12:32:06","modified_gmt":"2022-09-12T12:32:06","slug":"ministrja-kushi-te-rinjte-po-braktisin-shqiperine-se-po-plaket-gjermania","status":"publish","type":"post","link":"https:\/\/neutrale.al\/index.php\/2022\/09\/12\/ministrja-kushi-te-rinjte-po-braktisin-shqiperine-se-po-plaket-gjermania\/","title":{"rendered":"Ministrja Kushi: T\u00eb rinjt\u00eb po braktisin Shqip\u00ebrin\u00eb se po plaket Gjermania"},"content":{"rendered":"<p>Ministrja e Arsimit Evis Kushi, deklaroi sot nga\u00a0Kongresi Komb\u00ebtar i Arsimit, se flitet shpesh p\u00ebr t\u00eb rinjt\u00eb q\u00eb largohen nga vendi.<\/p>\n<p>I josh Gjermania, tha ajo, sepse \u00ebsht\u00eb duke u plakur dhe k\u00ebrkon mosha t\u00eb reja e vitale.<\/p>\n<p>Po punojm\u00eb p\u00ebr k\u00ebt\u00eb \u00e7\u00ebshtje, tha ajo, duke pregatitur projekte dhe mund\u00ebsi q\u00eb t\u00eb rinjt\u00eb t\u00eb nd\u00ebrtojn\u00eb karrier\u00ebn dhe suksesin n\u00eb atdhe.<\/p>\n<p>\u201cNj\u00eb tendenc\u00eb me t\u00eb cil\u00ebn po p\u00ebrballet i gjith\u00eb rajoni ballkanik, nj\u00eb pjes\u00eb e t\u00eb rinjve largohen nga rajoni p\u00ebr studime apo pun\u00ebsim drejt vendeve per\u00ebndimore si\u00e7 \u00ebsht\u00eb Gjermania por jo vet\u00ebm.<br \/>\nVende q\u00eb duke qen\u00eb drejt plakjes s\u00eb popullsis\u00eb, e duke pasur nevoja n\u00eb rritje n\u00eb tregun e pun\u00ebs kan\u00eb hapur dyert p\u00ebr t\u00eb rinjt\u00eb tan\u00eb&#8221;,\u00a0deklaroi Kushi.<\/p>\n","protected":false},"excerpt":{"rendered":"<p>Ministrja e Arsimit Evis Kushi, deklaroi sot nga\u00a0Kongresi Komb\u00ebtar i Arsimit, se flitet shpesh p\u00ebr t\u00eb rinjt\u00eb q\u00eb largohen nga vendi. I josh Gjermania, tha ajo, sepse \u00ebsht\u00eb duke u plakur dhe k\u00ebrkon mosha t\u00eb reja e vitale. Po punojm\u00eb p\u00ebr k\u00ebt\u00eb \u00e7\u00ebshtje, tha ajo, duke pregatitur projekte dhe mund\u00ebsi q\u00eb t\u00eb rinjt\u00eb t\u00eb nd\u00ebrtojn\u00eb [&hellip;]<\/p>\n","protected":false},"author":2,"featured_media":18652,"comment_status":"open","ping_status":"open","sticky":false,"template":"","format":"standard","meta":{"footnotes":""},"categories":[118,9],"tags":[],"class_list":{"0":"post-18651","1":"post","2":"type-post","3":"status-publish","4":"format-standard","5":"has-post-thumbnail","7":"category-kryesore","8":"category-politika"},"_links":{"self":[{"href":"https:\/\/neutrale.al\/index.php\/wp-json\/wp\/v2\/posts\/18651","targetHints":{"allow":["GET"]}}],"collection":[{"href":"https:\/\/neutrale.al\/index.php\/wp-json\/wp\/v2\/posts"}],"about":[{"href":"https:\/\/neutrale.al\/index.php\/wp-json\/wp\/v2\/types\/post"}],"author":[{"embeddable":true,"href":"https:\/\/neutrale.al\/index.php\/wp-json\/wp\/v2\/users\/2"}],"replies":[{"embeddable":true,"href":"https:\/\/neutrale.al\/index.php\/wp-json\/wp\/v2\/comments?post=18651"}],"version-history":[{"count":1,"href":"https:\/\/neutrale.al\/index.php\/wp-json\/wp\/v2\/posts\/18651\/revisions"}],"predecessor-version":[{"id":18653,"href":"https:\/\/neutrale.al\/index.php\/wp-json\/wp\/v2\/posts\/18651\/revisions\/18653"}],"wp:featuredmedia":[{"embeddable":true,"href":"https:\/\/neutrale.al\/index.php\/wp-json\/wp\/v2\/media\/18652"}],"wp:attachment":[{"href":"https:\/\/neutrale.al\/index.php\/wp-json\/wp\/v2\/media?parent=18651"}],"wp:term":[{"taxonomy":"category","embeddable":true,"href":"https:\/\/neutrale.al\/index.php\/wp-json\/wp\/v2\/categories?post=18651"},{"taxonomy":"post_tag","embeddable":true,"href":"https:\/\/neutrale.al\/index.php\/wp-json\/wp\/v2\/tags?post=18651"}],"curies":[{"name":"wp","href":"https:\/\/api.w.org\/{rel}","templated":true}]}}