{"id":18611,"date":"2022-09-12T09:56:51","date_gmt":"2022-09-12T09:56:51","guid":{"rendered":"https:\/\/neutrale.al\/?p=18611"},"modified":"2022-09-12T09:56:51","modified_gmt":"2022-09-12T09:56:51","slug":"loja-ka-mbaruar","status":"publish","type":"post","link":"https:\/\/neutrale.al\/index.php\/2022\/09\/12\/loja-ka-mbaruar\/","title":{"rendered":"Loja ka mbaruar !"},"content":{"rendered":"<p>Jo pak, por 47 mij\u00eb vota ndajn\u00eb dy blloqet !<\/p>\n<p>47,000 vota ndajn\u00eb koalicionin e djatht\u00eb t\u00eb Ulf Kristersson, dhe Andersson, me  bllokun e majt\u00eb t\u00eb Magdalena Andersson, raporton SVT.<\/p>\n<p>Me  47 mij\u00eb vota, para nga koalicioni i djatht\u00eb i kryesuar nga Lideri Ulf Kristersson (moderat\u00ebt) loja ka mbaruar, sepse probabiliteti \u00ebsht\u00eb shum\u00eb i vog\u00ebl q\u00eb kuq e blut\u00eb,  (te majtet) t\u00eb arrijn\u00eb t\u00eb b\u00ebjn\u00eb shumic\u00ebn. <\/p>\n<p>\u00c7far\u00eb sjell e M\u00ebrkura ?<\/p>\n<p>Por ata q\u00eb zakonisht humbasin kur num\u00ebrohen votat e s\u00eb m\u00ebrkur\u00ebs (votat nga jasht\u00eb) jan\u00eb shume pak t\u00eb djathtet dhe humbesit e shumt\u00eb t\u00eb  jan\u00eb t\u00eb majt\u00ebt, ata jan\u00eb ISF, S, dhe SD. <\/p>\n<p>Tani ana fituese dihet dhe simbas profesori i matematik\u00ebs Svante Linusson. \u00ebsht\u00eb e v\u00ebshtir\u00eb t\u00eb thuhet se p\u00ebr cil\u00ebn an\u00eb do t\u00eb ndryshoj\u00eb m\u00eb shum\u00eb \u2026<\/p>\n<p>Kjo sepse :<br \/>\n\ud83d\udd3bT\u00eb gjithe duan qe femijet e tyre te shkojne dhe te ndihen te sigurte ne shkolle dhe parqe.<br \/>\n\ud83d\udd3bT\u00eb gjithe duan q\u00eb emigrantet te integrohen ne shoqerine suedeze.<br \/>\n\ud83d\udd3bT\u00eb gjith\u00eb duan qe ekstremistet islamike dhe te t\u00eb gjitha ngjyrave t\u00eb ndalohen t\u00eb kercenojne qytetarin dhe sigurine qytetare.<br \/>\n\ud83d\udd3bT\u00eb gjith\u00eb duan q\u00eb minorenet tju drejtohen bangave te shkolles dhe jo grupeve dhe bandave te armatosura (si\u00e7 po ndodh) .<br \/>\n\ud83d\udd3bF\u00ebmij\u00ebt duan t\u00eb lozin n\u00eb parqe,t\u00eb shkojn\u00eb n\u00eb kopshte dhe shkolla, ata (f\u00ebmij\u00ebt) duan t\u00eb d\u00ebgjojn\u00eb zerin e edukatorit dhe tinguj muzike dhe jo krisma kallashnikovi \u2026<\/p>\n","protected":false},"excerpt":{"rendered":"<p>Jo pak, por 47 mij\u00eb vota ndajn\u00eb dy blloqet ! 47,000 vota ndajn\u00eb koalicionin e djatht\u00eb t\u00eb Ulf Kristersson, dhe Andersson, me bllokun e majt\u00eb t\u00eb Magdalena Andersson, raporton SVT. Me 47 mij\u00eb vota, para nga koalicioni i djatht\u00eb i kryesuar nga Lideri Ulf Kristersson (moderat\u00ebt) loja ka mbaruar, sepse probabiliteti \u00ebsht\u00eb shum\u00eb i vog\u00ebl [&hellip;]<\/p>\n","protected":false},"author":2,"featured_media":18612,"comment_status":"open","ping_status":"open","sticky":false,"template":"","format":"standard","meta":{"footnotes":""},"categories":[12],"tags":[27],"class_list":{"0":"post-18611","1":"post","2":"type-post","3":"status-publish","4":"format-standard","5":"has-post-thumbnail","7":"category-bota","8":"tag-lajme"},"_links":{"self":[{"href":"https:\/\/neutrale.al\/index.php\/wp-json\/wp\/v2\/posts\/18611","targetHints":{"allow":["GET"]}}],"collection":[{"href":"https:\/\/neutrale.al\/index.php\/wp-json\/wp\/v2\/posts"}],"about":[{"href":"https:\/\/neutrale.al\/index.php\/wp-json\/wp\/v2\/types\/post"}],"author":[{"embeddable":true,"href":"https:\/\/neutrale.al\/index.php\/wp-json\/wp\/v2\/users\/2"}],"replies":[{"embeddable":true,"href":"https:\/\/neutrale.al\/index.php\/wp-json\/wp\/v2\/comments?post=18611"}],"version-history":[{"count":1,"href":"https:\/\/neutrale.al\/index.php\/wp-json\/wp\/v2\/posts\/18611\/revisions"}],"predecessor-version":[{"id":18613,"href":"https:\/\/neutrale.al\/index.php\/wp-json\/wp\/v2\/posts\/18611\/revisions\/18613"}],"wp:featuredmedia":[{"embeddable":true,"href":"https:\/\/neutrale.al\/index.php\/wp-json\/wp\/v2\/media\/18612"}],"wp:attachment":[{"href":"https:\/\/neutrale.al\/index.php\/wp-json\/wp\/v2\/media?parent=18611"}],"wp:term":[{"taxonomy":"category","embeddable":true,"href":"https:\/\/neutrale.al\/index.php\/wp-json\/wp\/v2\/categories?post=18611"},{"taxonomy":"post_tag","embeddable":true,"href":"https:\/\/neutrale.al\/index.php\/wp-json\/wp\/v2\/tags?post=18611"}],"curies":[{"name":"wp","href":"https:\/\/api.w.org\/{rel}","templated":true}]}}