{"id":18538,"date":"2022-09-11T17:06:11","date_gmt":"2022-09-11T17:06:11","guid":{"rendered":"https:\/\/neutrale.al\/?p=18538"},"modified":"2022-09-11T17:06:11","modified_gmt":"2022-09-11T17:06:11","slug":"zgjedhjet-ne-suedi-bogdani-ne-mbeshtetje-te-moderaterna-i-skane-epp","status":"publish","type":"post","link":"https:\/\/neutrale.al\/index.php\/2022\/09\/11\/zgjedhjet-ne-suedi-bogdani-ne-mbeshtetje-te-moderaterna-i-skane-epp\/","title":{"rendered":"Zgjedhjet n\u00eb Suedi\/ Bogdani: N\u00eb mb\u00ebshtetje t\u00eb Moderaterna i Sk\u00e5ne EPP"},"content":{"rendered":"<p>Ish deputeti i PD-s\u00eb, Gerti Bogdani \u00ebsht\u00eb n\u00eb Stokholm t\u00eb Suedis\u00eb.<\/p>\n<p>Atje, sot zhvillohen zgjedhjet parlamentare dhe Bogdani shkruan, se  jam k\u00ebtu n\u00eb mb\u00ebshtetje t\u00eb Moderaterna i Sk\u00e5ne EPP, parti simot\u00ebr.<\/p>\n<p>Ja postimi i tij:<\/p>\n<p>Ne mbeshtetje te partise simoter Moderaterna i Sk\u00e5ne EPP &#8211; European People&#8217;s Party per zgjedhjet e neserme ne Suedi, ne viziten e organizuar nga Jarl Hjalmarson Foundation! Fjalimi i fundit i kandidatit per Kryeminister Ulf Kristersson. <\/p>\n<p>Te ben pershtypje thjeshtesia e fushates, mungesa e luksit &#038; e shpenzimeve marramendese e te panevojshme!!! Mbi te gjitha fushata eshte e fokusuar tek qytetaret, dialogu me ta dhe problematikat e zgjidhjet, e jo tek pompoziteti apo zhurma politike!!! <\/p>\n<p>#DemocracyWorks #Moderaterna #HjarlJarlMarsson #EPP #PD<\/p>\n","protected":false},"excerpt":{"rendered":"<p>Ish deputeti i PD-s\u00eb, Gerti Bogdani \u00ebsht\u00eb n\u00eb Stokholm t\u00eb Suedis\u00eb. Atje, sot zhvillohen zgjedhjet parlamentare dhe Bogdani shkruan, se jam k\u00ebtu n\u00eb mb\u00ebshtetje t\u00eb Moderaterna i Sk\u00e5ne EPP, parti simot\u00ebr. Ja postimi i tij: Ne mbeshtetje te partise simoter Moderaterna i Sk\u00e5ne EPP &#8211; European People&#8217;s Party per zgjedhjet e neserme ne Suedi, ne [&hellip;]<\/p>\n","protected":false},"author":2,"featured_media":18539,"comment_status":"open","ping_status":"open","sticky":false,"template":"","format":"standard","meta":{"footnotes":""},"categories":[9],"tags":[27],"class_list":{"0":"post-18538","1":"post","2":"type-post","3":"status-publish","4":"format-standard","5":"has-post-thumbnail","7":"category-politika","8":"tag-lajme"},"_links":{"self":[{"href":"https:\/\/neutrale.al\/index.php\/wp-json\/wp\/v2\/posts\/18538","targetHints":{"allow":["GET"]}}],"collection":[{"href":"https:\/\/neutrale.al\/index.php\/wp-json\/wp\/v2\/posts"}],"about":[{"href":"https:\/\/neutrale.al\/index.php\/wp-json\/wp\/v2\/types\/post"}],"author":[{"embeddable":true,"href":"https:\/\/neutrale.al\/index.php\/wp-json\/wp\/v2\/users\/2"}],"replies":[{"embeddable":true,"href":"https:\/\/neutrale.al\/index.php\/wp-json\/wp\/v2\/comments?post=18538"}],"version-history":[{"count":1,"href":"https:\/\/neutrale.al\/index.php\/wp-json\/wp\/v2\/posts\/18538\/revisions"}],"predecessor-version":[{"id":18540,"href":"https:\/\/neutrale.al\/index.php\/wp-json\/wp\/v2\/posts\/18538\/revisions\/18540"}],"wp:featuredmedia":[{"embeddable":true,"href":"https:\/\/neutrale.al\/index.php\/wp-json\/wp\/v2\/media\/18539"}],"wp:attachment":[{"href":"https:\/\/neutrale.al\/index.php\/wp-json\/wp\/v2\/media?parent=18538"}],"wp:term":[{"taxonomy":"category","embeddable":true,"href":"https:\/\/neutrale.al\/index.php\/wp-json\/wp\/v2\/categories?post=18538"},{"taxonomy":"post_tag","embeddable":true,"href":"https:\/\/neutrale.al\/index.php\/wp-json\/wp\/v2\/tags?post=18538"}],"curies":[{"name":"wp","href":"https:\/\/api.w.org\/{rel}","templated":true}]}}