{"id":18485,"date":"2022-09-11T11:12:35","date_gmt":"2022-09-11T11:12:35","guid":{"rendered":"https:\/\/neutrale.al\/?p=18485"},"modified":"2022-09-11T11:12:35","modified_gmt":"2022-09-11T11:12:35","slug":"bletet-njoftohen-zyrtarisht-per-vdekjen-e-mbretereshes-elizabeth","status":"publish","type":"post","link":"https:\/\/neutrale.al\/index.php\/2022\/09\/11\/bletet-njoftohen-zyrtarisht-per-vdekjen-e-mbretereshes-elizabeth\/","title":{"rendered":"Blet\u00ebt njoftohen zyrtarisht p\u00ebr vdekjen e Mbret\u00ebresh\u00ebs Elizabeth."},"content":{"rendered":"<p>Riti m\u00eb i \u00e7uditsh\u00ebm, por edhe m\u00eb i mrekulluesh\u00ebm n\u00eb aspektin e tradit\u00ebs, \u00ebsht\u00eb &#8220;njoftimi zyrtar i blet\u00ebve mbret\u00ebrore p\u00ebr vdekjen e Mbret\u00ebresh\u00ebs apo Mbretit&#8221;<\/p>\n<p>Nuk ka sesi t\u00eb jet\u00eb tjet\u00ebr, e vetmja gjalles\u00eb, ve\u00e7 njeriut, me rend monarkik \u00ebsht\u00eb bleta.<\/p>\n<p>Nj\u00eb tradit\u00eb e \u00e7uditshme e lasht\u00eb k\u00ebrkon q\u00eb bletari mbret\u00ebror t\u2019u thot\u00eb blet\u00ebve t\u00eb pallatit se Mbret\u00ebresha ka vdekur.<\/p>\n<p>Me tone t\u00eb p\u00ebshp\u00ebritura, insektet jan\u00eb informuar se kan\u00eb nj\u00eb mjesht\u00ebr t\u00eb ri, Mbretin Charles III. Lajmi p\u00ebr vdekjen e Mbret\u00ebresh\u00ebs iu dha blet\u00ebve n\u00eb koshere n\u00eb tokat e Pallatit Buckingham dhe Clarence House.<\/p>\n<p>John Chapple, 79 vje\u00e7, bletari zyrtar i pallatit, b\u00ebri udh\u00ebtimin drejt vendeve t\u00eb premten pas lajmit p\u00ebr vdekjen e Mbret\u00ebresh\u00ebs. M\u00eb pas, shirita t\u00eb zinj u lidh\u00ebn me harqe n\u00eb kosheret, ku jetojn\u00eb mij\u00ebra blet\u00eb.<\/p>\n<p>Rituali vazhdoi me at\u00eb duke u th\u00ebn\u00eb atyre se Mbret\u00ebresha kishte vdekur dhe nj\u00eb mjesht\u00ebr i ri tani do t\u00eb ishte n\u00eb krye.M\u00eb pas, blet\u00ebt u nxit\u00ebn t\u00eb silleshin mir\u00eb me mbretin \u00c7arls.<\/p>\n<p>Bes\u00ebtytnia e pazakont\u00eb dhe e lasht\u00eb erdhi sepse besohej se mos informimi i blet\u00ebve p\u00ebr nj\u00eb pronar t\u00eb ri do t\u00eb \u00e7onte n\u00eb mosprodhimin e mjaltit, braktisjen e kosheres ose vdekjen e tyre.<\/p>\n","protected":false},"excerpt":{"rendered":"<p>Riti m\u00eb i \u00e7uditsh\u00ebm, por edhe m\u00eb i mrekulluesh\u00ebm n\u00eb aspektin e tradit\u00ebs, \u00ebsht\u00eb &#8220;njoftimi zyrtar i blet\u00ebve mbret\u00ebrore p\u00ebr vdekjen e Mbret\u00ebresh\u00ebs apo Mbretit&#8221; Nuk ka sesi t\u00eb jet\u00eb tjet\u00ebr, e vetmja gjalles\u00eb, ve\u00e7 njeriut, me rend monarkik \u00ebsht\u00eb bleta. Nj\u00eb tradit\u00eb e \u00e7uditshme e lasht\u00eb k\u00ebrkon q\u00eb bletari mbret\u00ebror t\u2019u thot\u00eb blet\u00ebve t\u00eb [&hellip;]<\/p>\n","protected":false},"author":2,"featured_media":18486,"comment_status":"open","ping_status":"open","sticky":false,"template":"","format":"standard","meta":{"footnotes":""},"categories":[12],"tags":[27],"class_list":{"0":"post-18485","1":"post","2":"type-post","3":"status-publish","4":"format-standard","5":"has-post-thumbnail","7":"category-bota","8":"tag-lajme"},"_links":{"self":[{"href":"https:\/\/neutrale.al\/index.php\/wp-json\/wp\/v2\/posts\/18485","targetHints":{"allow":["GET"]}}],"collection":[{"href":"https:\/\/neutrale.al\/index.php\/wp-json\/wp\/v2\/posts"}],"about":[{"href":"https:\/\/neutrale.al\/index.php\/wp-json\/wp\/v2\/types\/post"}],"author":[{"embeddable":true,"href":"https:\/\/neutrale.al\/index.php\/wp-json\/wp\/v2\/users\/2"}],"replies":[{"embeddable":true,"href":"https:\/\/neutrale.al\/index.php\/wp-json\/wp\/v2\/comments?post=18485"}],"version-history":[{"count":1,"href":"https:\/\/neutrale.al\/index.php\/wp-json\/wp\/v2\/posts\/18485\/revisions"}],"predecessor-version":[{"id":18487,"href":"https:\/\/neutrale.al\/index.php\/wp-json\/wp\/v2\/posts\/18485\/revisions\/18487"}],"wp:featuredmedia":[{"embeddable":true,"href":"https:\/\/neutrale.al\/index.php\/wp-json\/wp\/v2\/media\/18486"}],"wp:attachment":[{"href":"https:\/\/neutrale.al\/index.php\/wp-json\/wp\/v2\/media?parent=18485"}],"wp:term":[{"taxonomy":"category","embeddable":true,"href":"https:\/\/neutrale.al\/index.php\/wp-json\/wp\/v2\/categories?post=18485"},{"taxonomy":"post_tag","embeddable":true,"href":"https:\/\/neutrale.al\/index.php\/wp-json\/wp\/v2\/tags?post=18485"}],"curies":[{"name":"wp","href":"https:\/\/api.w.org\/{rel}","templated":true}]}}