{"id":18474,"date":"2022-09-11T10:58:52","date_gmt":"2022-09-11T10:58:52","guid":{"rendered":"https:\/\/neutrale.al\/?p=18474"},"modified":"2022-09-11T10:58:52","modified_gmt":"2022-09-11T10:58:52","slug":"kryeministri-rama-kujton-shtator-september-11","status":"publish","type":"post","link":"https:\/\/neutrale.al\/index.php\/2022\/09\/11\/kryeministri-rama-kujton-shtator-september-11\/","title":{"rendered":"Kryeministri Rama kujton: SHTATOR , SEPTEMBER 11"},"content":{"rendered":"<p>Me k\u00ebt\u00eb dedikim kryeministri Edi Rama ka p\u00ebrkujtuar sulmin terrorist t\u00eb 11 shtatorit 2001 n\u00eb Amerik\u00eb.<\/p>\n<p><img loading=\"lazy\" loading=\"lazy\" decoding=\"async\" src=\"https:\/\/neutrale.al\/wp-content\/uploads\/2022\/09\/885871C7-5970-482E-A6CE-82416CE7DF2A-300x217.jpeg\" alt=\"\" width=\"300\" height=\"217\" class=\"alignnone size-medium wp-image-18475\" srcset=\"https:\/\/neutrale.al\/wp-content\/uploads\/2022\/09\/885871C7-5970-482E-A6CE-82416CE7DF2A-300x217.jpeg 300w, https:\/\/neutrale.al\/wp-content\/uploads\/2022\/09\/885871C7-5970-482E-A6CE-82416CE7DF2A-1024x740.jpeg 1024w, https:\/\/neutrale.al\/wp-content\/uploads\/2022\/09\/885871C7-5970-482E-A6CE-82416CE7DF2A-768x555.jpeg 768w, https:\/\/neutrale.al\/wp-content\/uploads\/2022\/09\/885871C7-5970-482E-A6CE-82416CE7DF2A-860x621.jpeg 860w, https:\/\/neutrale.al\/wp-content\/uploads\/2022\/09\/885871C7-5970-482E-A6CE-82416CE7DF2A.jpeg 1080w\" sizes=\"auto, (max-width: 300px) 100vw, 300px\" \/><\/p>\n","protected":false},"excerpt":{"rendered":"<p>Me k\u00ebt\u00eb dedikim kryeministri Edi Rama ka p\u00ebrkujtuar sulmin terrorist t\u00eb 11 shtatorit 2001 n\u00eb Amerik\u00eb.<\/p>\n","protected":false},"author":2,"featured_media":18476,"comment_status":"open","ping_status":"open","sticky":false,"template":"","format":"standard","meta":{"footnotes":""},"categories":[9],"tags":[27],"class_list":{"0":"post-18474","1":"post","2":"type-post","3":"status-publish","4":"format-standard","5":"has-post-thumbnail","7":"category-politika","8":"tag-lajme"},"_links":{"self":[{"href":"https:\/\/neutrale.al\/index.php\/wp-json\/wp\/v2\/posts\/18474","targetHints":{"allow":["GET"]}}],"collection":[{"href":"https:\/\/neutrale.al\/index.php\/wp-json\/wp\/v2\/posts"}],"about":[{"href":"https:\/\/neutrale.al\/index.php\/wp-json\/wp\/v2\/types\/post"}],"author":[{"embeddable":true,"href":"https:\/\/neutrale.al\/index.php\/wp-json\/wp\/v2\/users\/2"}],"replies":[{"embeddable":true,"href":"https:\/\/neutrale.al\/index.php\/wp-json\/wp\/v2\/comments?post=18474"}],"version-history":[{"count":1,"href":"https:\/\/neutrale.al\/index.php\/wp-json\/wp\/v2\/posts\/18474\/revisions"}],"predecessor-version":[{"id":18477,"href":"https:\/\/neutrale.al\/index.php\/wp-json\/wp\/v2\/posts\/18474\/revisions\/18477"}],"wp:featuredmedia":[{"embeddable":true,"href":"https:\/\/neutrale.al\/index.php\/wp-json\/wp\/v2\/media\/18476"}],"wp:attachment":[{"href":"https:\/\/neutrale.al\/index.php\/wp-json\/wp\/v2\/media?parent=18474"}],"wp:term":[{"taxonomy":"category","embeddable":true,"href":"https:\/\/neutrale.al\/index.php\/wp-json\/wp\/v2\/categories?post=18474"},{"taxonomy":"post_tag","embeddable":true,"href":"https:\/\/neutrale.al\/index.php\/wp-json\/wp\/v2\/tags?post=18474"}],"curies":[{"name":"wp","href":"https:\/\/api.w.org\/{rel}","templated":true}]}}