{"id":18463,"date":"2022-09-11T10:49:12","date_gmt":"2022-09-11T10:49:12","guid":{"rendered":"https:\/\/neutrale.al\/?p=18463"},"modified":"2022-09-11T10:49:12","modified_gmt":"2022-09-11T10:49:12","slug":"berisha-shtesa-mbi-tarracen-e-arben-ahmetaj-per-ramen-dhe-suiten-e-tij-ligji-nuk-ekziston","status":"publish","type":"post","link":"https:\/\/neutrale.al\/index.php\/2022\/09\/11\/berisha-shtesa-mbi-tarracen-e-arben-ahmetaj-per-ramen-dhe-suiten-e-tij-ligji-nuk-ekziston\/","title":{"rendered":"Berisha: Shtesa mbi tarrac\u00ebn e Arben Ahmetaj. P\u00ebr Ram\u00ebn dhe suit\u00ebn e tij ligji nuk ekziston"},"content":{"rendered":"<p>Kreu i PDs\u00eb Sali Berisha denoncon shtes\u00ebn mbi tarrac\u00ebn e banes\u00ebs s\u00eb Arben Ahmetaj.<\/p>\n<p>Ish kryeministri Berisha e shoq\u00ebron denoncimin e tij me nj\u00eb video nga e cila kemi shk\u00ebputur fotot.<br \/>\nJa sh\u00ebnimi i tij:<\/p>\n<p>Kjo eshte shtesa mbi tarrace e Arben Ahmetajt.<br \/>\nPer Ramen dhe suiten e tij ligji nuk ekziston. sb<\/p>\n<p><img loading=\"lazy\" loading=\"lazy\" decoding=\"async\" src=\"https:\/\/neutrale.al\/wp-content\/uploads\/2022\/09\/F793FCDE-D78B-438D-AE29-25EACDF72DF6-300x259.jpeg\" alt=\"\" width=\"300\" height=\"259\" class=\"alignnone size-medium wp-image-18464\" srcset=\"https:\/\/neutrale.al\/wp-content\/uploads\/2022\/09\/F793FCDE-D78B-438D-AE29-25EACDF72DF6-300x259.jpeg 300w, https:\/\/neutrale.al\/wp-content\/uploads\/2022\/09\/F793FCDE-D78B-438D-AE29-25EACDF72DF6-1024x883.jpeg 1024w, https:\/\/neutrale.al\/wp-content\/uploads\/2022\/09\/F793FCDE-D78B-438D-AE29-25EACDF72DF6-768x663.jpeg 768w, https:\/\/neutrale.al\/wp-content\/uploads\/2022\/09\/F793FCDE-D78B-438D-AE29-25EACDF72DF6-860x742.jpeg 860w, https:\/\/neutrale.al\/wp-content\/uploads\/2022\/09\/F793FCDE-D78B-438D-AE29-25EACDF72DF6.jpeg 1078w\" sizes=\"auto, (max-width: 300px) 100vw, 300px\" \/><\/p>\n<p><img loading=\"lazy\" loading=\"lazy\" decoding=\"async\" src=\"https:\/\/neutrale.al\/wp-content\/uploads\/2022\/09\/429E9312-112F-42C3-86AD-EA2F85957F31-300x187.jpeg\" alt=\"\" width=\"300\" height=\"187\" class=\"alignnone size-medium wp-image-18465\" srcset=\"https:\/\/neutrale.al\/wp-content\/uploads\/2022\/09\/429E9312-112F-42C3-86AD-EA2F85957F31-300x187.jpeg 300w, https:\/\/neutrale.al\/wp-content\/uploads\/2022\/09\/429E9312-112F-42C3-86AD-EA2F85957F31-1024x637.jpeg 1024w, https:\/\/neutrale.al\/wp-content\/uploads\/2022\/09\/429E9312-112F-42C3-86AD-EA2F85957F31-768x478.jpeg 768w, https:\/\/neutrale.al\/wp-content\/uploads\/2022\/09\/429E9312-112F-42C3-86AD-EA2F85957F31-860x535.jpeg 860w, https:\/\/neutrale.al\/wp-content\/uploads\/2022\/09\/429E9312-112F-42C3-86AD-EA2F85957F31.jpeg 1080w\" sizes=\"auto, (max-width: 300px) 100vw, 300px\" \/><\/p>\n","protected":false},"excerpt":{"rendered":"<p>Kreu i PDs\u00eb Sali Berisha denoncon shtes\u00ebn mbi tarrac\u00ebn e banes\u00ebs s\u00eb Arben Ahmetaj. Ish kryeministri Berisha e shoq\u00ebron denoncimin e tij me nj\u00eb video nga e cila kemi shk\u00ebputur fotot. Ja sh\u00ebnimi i tij: Kjo eshte shtesa mbi tarrace e Arben Ahmetajt. Per Ramen dhe suiten e tij ligji nuk ekziston. sb<\/p>\n","protected":false},"author":2,"featured_media":18466,"comment_status":"open","ping_status":"open","sticky":false,"template":"","format":"standard","meta":{"footnotes":""},"categories":[9],"tags":[27],"class_list":{"0":"post-18463","1":"post","2":"type-post","3":"status-publish","4":"format-standard","5":"has-post-thumbnail","7":"category-politika","8":"tag-lajme"},"_links":{"self":[{"href":"https:\/\/neutrale.al\/index.php\/wp-json\/wp\/v2\/posts\/18463","targetHints":{"allow":["GET"]}}],"collection":[{"href":"https:\/\/neutrale.al\/index.php\/wp-json\/wp\/v2\/posts"}],"about":[{"href":"https:\/\/neutrale.al\/index.php\/wp-json\/wp\/v2\/types\/post"}],"author":[{"embeddable":true,"href":"https:\/\/neutrale.al\/index.php\/wp-json\/wp\/v2\/users\/2"}],"replies":[{"embeddable":true,"href":"https:\/\/neutrale.al\/index.php\/wp-json\/wp\/v2\/comments?post=18463"}],"version-history":[{"count":1,"href":"https:\/\/neutrale.al\/index.php\/wp-json\/wp\/v2\/posts\/18463\/revisions"}],"predecessor-version":[{"id":18467,"href":"https:\/\/neutrale.al\/index.php\/wp-json\/wp\/v2\/posts\/18463\/revisions\/18467"}],"wp:featuredmedia":[{"embeddable":true,"href":"https:\/\/neutrale.al\/index.php\/wp-json\/wp\/v2\/media\/18466"}],"wp:attachment":[{"href":"https:\/\/neutrale.al\/index.php\/wp-json\/wp\/v2\/media?parent=18463"}],"wp:term":[{"taxonomy":"category","embeddable":true,"href":"https:\/\/neutrale.al\/index.php\/wp-json\/wp\/v2\/categories?post=18463"},{"taxonomy":"post_tag","embeddable":true,"href":"https:\/\/neutrale.al\/index.php\/wp-json\/wp\/v2\/tags?post=18463"}],"curies":[{"name":"wp","href":"https:\/\/api.w.org\/{rel}","templated":true}]}}