{"id":18456,"date":"2022-09-11T09:33:40","date_gmt":"2022-09-11T09:33:40","guid":{"rendered":"https:\/\/neutrale.al\/?p=18456"},"modified":"2022-09-11T09:33:40","modified_gmt":"2022-09-11T09:33:40","slug":"greqi-turqi-shkembim-zjarri-prane-ishullit-lesvos","status":"publish","type":"post","link":"https:\/\/neutrale.al\/index.php\/2022\/09\/11\/greqi-turqi-shkembim-zjarri-prane-ishullit-lesvos\/","title":{"rendered":"Greqi-Turqi\/ Shk\u00ebmbim zjarri pran\u00eb Ishullit Lesvos"},"content":{"rendered":"<p>Lesvos: Roja Bregdetare gjuajti t\u00eb sht\u00ebna paralajm\u00ebruese n\u00eb nj\u00eb anije me flamur Komoras q\u00eb shkonte n\u00eb bregdetin turk.<br \/>\nK\u00ebshtu  shkruajn\u00eb tediat turke q\u00eb tentojn\u00eb t\u00eb krijojn\u00eb nj\u00eb sken\u00eb provokimi, duke dh\u00ebn\u00eb nj\u00eb version krejt\u00ebsisht t\u00eb ndrysh\u00ebm t\u00eb incidentit.<\/p>\n<p>Mediat turke po tentojn\u00eb t\u00eb krijojn\u00eb s\u00ebrish nj\u00eb sken\u00eb provokimi, duke raportuar se nj\u00eb mjet i rojes bregdetare greke ka hapur zjarr ndaj nj\u00eb anijeje peshkimi n\u00eb brigjet e Tenedos.<br \/>\n N\u00eb fakt, si\u00e7 pretendojn\u00eb ata, kur anija greke hapi zjarr, m\u00eb pas kan\u00eb nd\u00ebrhyr\u00eb dy mjete t\u00eb rojes bregdetare turke dhe e kan\u00eb detyruar t\u00eb largohet.<\/p>\n<p>Sipas faqes turke t\u00eb internetit, n\u00eb anijen e peshkimit ndodheshin 18 an\u00ebtar\u00eb t\u00eb ekuipazhit, kryesisht t\u00eb huaj dhe tre shtetas turq.<\/p>\n<p>Pala greke, megjithat\u00eb, jep nj\u00eb version tjet\u00ebr t\u00eb ngjarjeve, duke mohuar pretendimet turke.<br \/>\nSipas burimeve, m\u00ebngjesin e sot\u00ebm, nj\u00eb anije me flamurin e Komoros, e cila po l\u00ebvizte n\u00eb zon\u00ebn detare n\u00eb veriper\u00ebndim t\u00eb Lesvos, n\u00eb drejtim t\u00eb bregdetit turk, nuk u ndal n\u00eb thirrjet e rojes bregdetare greke dhe as n\u00eb paralajm\u00ebrimet zanore nga altoparlant\u00ebt, duke vazhduar rrug\u00ebn e saj.<br \/>\nM\u00eb pas, rojet bregdetare q\u00eblluan me t\u00eb sht\u00ebna paralajm\u00ebruese n\u00eb aj\u00ebr. Autoritetet greke njoftuan autoritetet turke se po shkonte drejt brigjeve t\u00eb tyre, p\u00ebr t\u00eb kontrolluar&#8230; anijen misterioze.<\/p>\n<p>Mjeti lundrues, i cil\u00ebsuar me kompetenc\u00eb si i paspecifikuar, pasi \u00ebsht\u00eb nj\u00eb \u201cskari\u201d aq i vjet\u00ebr sa nuk \u00ebsht\u00eb kuptuar se \u00e7far\u00eb \u00ebsht\u00eb, vazhdoi rrug\u00ebn.<\/p>\n","protected":false},"excerpt":{"rendered":"<p>Lesvos: Roja Bregdetare gjuajti t\u00eb sht\u00ebna paralajm\u00ebruese n\u00eb nj\u00eb anije me flamur Komoras q\u00eb shkonte n\u00eb bregdetin turk. K\u00ebshtu shkruajn\u00eb tediat turke q\u00eb tentojn\u00eb t\u00eb krijojn\u00eb nj\u00eb sken\u00eb provokimi, duke dh\u00ebn\u00eb nj\u00eb version krejt\u00ebsisht t\u00eb ndrysh\u00ebm t\u00eb incidentit. Mediat turke po tentojn\u00eb t\u00eb krijojn\u00eb s\u00ebrish nj\u00eb sken\u00eb provokimi, duke raportuar se nj\u00eb mjet i rojes [&hellip;]<\/p>\n","protected":false},"author":2,"featured_media":18457,"comment_status":"open","ping_status":"open","sticky":false,"template":"","format":"standard","meta":{"footnotes":""},"categories":[118,6],"tags":[],"class_list":{"0":"post-18456","1":"post","2":"type-post","3":"status-publish","4":"format-standard","5":"has-post-thumbnail","7":"category-kryesore","8":"category-rajoni"},"_links":{"self":[{"href":"https:\/\/neutrale.al\/index.php\/wp-json\/wp\/v2\/posts\/18456","targetHints":{"allow":["GET"]}}],"collection":[{"href":"https:\/\/neutrale.al\/index.php\/wp-json\/wp\/v2\/posts"}],"about":[{"href":"https:\/\/neutrale.al\/index.php\/wp-json\/wp\/v2\/types\/post"}],"author":[{"embeddable":true,"href":"https:\/\/neutrale.al\/index.php\/wp-json\/wp\/v2\/users\/2"}],"replies":[{"embeddable":true,"href":"https:\/\/neutrale.al\/index.php\/wp-json\/wp\/v2\/comments?post=18456"}],"version-history":[{"count":1,"href":"https:\/\/neutrale.al\/index.php\/wp-json\/wp\/v2\/posts\/18456\/revisions"}],"predecessor-version":[{"id":18458,"href":"https:\/\/neutrale.al\/index.php\/wp-json\/wp\/v2\/posts\/18456\/revisions\/18458"}],"wp:featuredmedia":[{"embeddable":true,"href":"https:\/\/neutrale.al\/index.php\/wp-json\/wp\/v2\/media\/18457"}],"wp:attachment":[{"href":"https:\/\/neutrale.al\/index.php\/wp-json\/wp\/v2\/media?parent=18456"}],"wp:term":[{"taxonomy":"category","embeddable":true,"href":"https:\/\/neutrale.al\/index.php\/wp-json\/wp\/v2\/categories?post=18456"},{"taxonomy":"post_tag","embeddable":true,"href":"https:\/\/neutrale.al\/index.php\/wp-json\/wp\/v2\/tags?post=18456"}],"curies":[{"name":"wp","href":"https:\/\/api.w.org\/{rel}","templated":true}]}}