{"id":18416,"date":"2022-09-11T08:12:51","date_gmt":"2022-09-11T08:12:51","guid":{"rendered":"https:\/\/neutrale.al\/?p=18416"},"modified":"2022-09-11T08:12:51","modified_gmt":"2022-09-11T08:12:51","slug":"kujtim-cekani-komunistet-prishen-xhamine-ja-si-vdiq-hoxha-i-polisit","status":"publish","type":"post","link":"https:\/\/neutrale.al\/index.php\/2022\/09\/11\/kujtim-cekani-komunistet-prishen-xhamine-ja-si-vdiq-hoxha-i-polisit\/","title":{"rendered":"Kujtim Cekani\/ Komunist\u00ebt prish\u00ebn xhamin\u00eb, ja si vdiq Hoxha i Polisit"},"content":{"rendered":"<p>Si u braktis Hoxha i xhamis\u00eb q\u00eb prish\u00ebn komunist\u00ebt n\u00eb Polis t\u00eb Librazhdit&#8230;<br \/>\nSi u nd\u00ebrtua dhe si u prish Xhamia e Polisit &#8230;<\/p>\n<p>Dikur, nga vitet 1930, n\u00eb fshatin Polis u nd\u00ebrtua nj\u00eb Xhami ..<br \/>\nU mblodh\u00ebn burrat e fshatit, nd\u00ebrtuan Xhamin\u00eb dhe soll\u00ebn p\u00ebr sh\u00ebrbim dhe rituale nj\u00eb Hoxhe nga Lushnja&#8230; emrin e t\u00eb cilit nuk e kujtoj dot, por gjenerata para meje s&#8217;e harron kurr\u00eb.<\/p>\n<p>Si inisiator p\u00ebr nd\u00ebrtimin e Xhamis\u00eb ka qen\u00eb gjyshi i n\u00ebn\u00ebs time Hasana Muzhaqi ..<br \/>\nHoxha q\u00eblloi nj\u00eb njeri shum\u00eb i ditur dhe ka kontribuar n\u00eb shum\u00eb zgjidhje problemesh n\u00eb at\u00eb zon\u00eb.<\/p>\n<p>Ai jetonte vet\u00ebm me bashk\u00ebshorten e tij dhe p\u00ebr fat t\u00eb keq nuk ka patur f\u00ebmij\u00eb.<br \/>\nN\u00eb koh\u00ebn q\u00eb u prish\u00ebn Xhamit\u00eb n\u00eb gjith\u00eb Shqip\u00ebrin\u00eb edhe Xhamis\u00eb s\u00eb Polisit i vun\u00eb kazm\u00ebn.<\/p>\n<p>Prish\u00ebsit e Xhamis\u00eb s\u00eb Polisit p\u00ebrqafuan komunizmin bolshevik, q\u00eb \u00e7udit\u00ebrisht vazhdojn\u00eb ta b\u00ebjn\u00eb edhe sot e k\u00ebsaj dite.<\/p>\n<p>Hoxh\u00ebn e nxor\u00ebn jasht\u00eb dhe ai u vendos n\u00eb nj\u00eb dhom\u00eb t\u00eb vog\u00ebl ngjitur me furr\u00ebn e buk\u00ebs n\u00eb Polis Qend\u00ebr ..<\/p>\n<p>Mbas pak vitesh i vdiq bashk\u00ebshortja.. Mbeti vet\u00ebm e fillikat.<\/p>\n<p>M\u00eb kujtohet aty nga viti &#8217;85 ai mund t\u00eb ishte mbi 100 vje\u00e7.<br \/>\nShkonim hhuajse \u00e7do dit\u00eb ne t\u00eb familjes ton\u00eb i d\u00ebrgonim ushqim ..<br \/>\nTezja ime q\u00eb i lante rrobat ..<br \/>\nP\u00ebrkujdesja vazhdoi deri sa Ai iku nga kjo bot\u00eb ..t\u00eb tjer\u00ebt nuk i shkonin sepse kishin frik\u00eb.<\/p>\n<p>M\u00eb kujtohet q\u00eb kur shkonim tek Ai p\u00ebr t&#8217;i d\u00ebrguar ushqimin ..duhet t&#8217;i th\u00ebrrisnim disa her\u00eb q\u00eb Ai t\u00eb d\u00ebgjonte, zgjohej apo \u00e7ohej..<br \/>\nSa na shikonte na e b\u00ebnte me dor\u00eb, na p\u00ebrqafonte dhe me kujtohen lot\u00ebt q\u00eb i dilnin nga Syt\u00eb e tij Blu ..<\/p>\n<p>O Zot i madh \u00e7far\u00eb Trishtimi .. !<\/p>\n<p>Ai u braktis nga t\u00eb gjith\u00eb p\u00ebr vite e vite dhe Zoti e deshi q\u00eb Ai t\u00eb jetonte aq shum\u00eb.<\/p>\n<p>Nj\u00eb dit\u00eb, kur shkuam t&#8217;i d\u00ebrgonim pak ushqim ..i thirr\u00ebm e i thirr\u00ebm, por m\u00eb kot ..u afruam..<br \/>\nAi kishte mb\u00ebshtetur kok\u00ebn mbi jast\u00ebk, kishte kthyer fytyr\u00ebn nga dera sikur priste&#8230; Ne dor\u00eb mbante t\u00eb shtr\u00ebnguar nj\u00eb lib\u00ebr dhe dukej sikur flinte..<\/p>\n<p>Ai po flinte p\u00ebrgjithmon\u00eb..<br \/>\nI Paharruar Daj Hoxha i Polisit me Syt\u00eb e Tu Blu t\u00eb p\u00ebrlotur<\/p>\n<p> ..na fal n\u00eb se s&#8217;t\u00eb kemi sh\u00ebrbyer sa duhet ..<\/p>\n<p>Zoti t\u00eb past\u00eb n\u00eb Xhenetet e Tij m\u00eb t\u00eb Bukura ..<\/p>\n<p>Amin !<\/p>\n","protected":false},"excerpt":{"rendered":"<p>Si u braktis Hoxha i xhamis\u00eb q\u00eb prish\u00ebn komunist\u00ebt n\u00eb Polis t\u00eb Librazhdit&#8230; Si u nd\u00ebrtua dhe si u prish Xhamia e Polisit &#8230; Dikur, nga vitet 1930, n\u00eb fshatin Polis u nd\u00ebrtua nj\u00eb Xhami .. U mblodh\u00ebn burrat e fshatit, nd\u00ebrtuan Xhamin\u00eb dhe soll\u00ebn p\u00ebr sh\u00ebrbim dhe rituale nj\u00eb Hoxhe nga Lushnja&#8230; emrin e [&hellip;]<\/p>\n","protected":false},"author":2,"featured_media":18417,"comment_status":"open","ping_status":"open","sticky":false,"template":"","format":"standard","meta":{"footnotes":""},"categories":[2],"tags":[],"class_list":{"0":"post-18416","1":"post","2":"type-post","3":"status-publish","4":"format-standard","5":"has-post-thumbnail","7":"category-opinione"},"_links":{"self":[{"href":"https:\/\/neutrale.al\/index.php\/wp-json\/wp\/v2\/posts\/18416","targetHints":{"allow":["GET"]}}],"collection":[{"href":"https:\/\/neutrale.al\/index.php\/wp-json\/wp\/v2\/posts"}],"about":[{"href":"https:\/\/neutrale.al\/index.php\/wp-json\/wp\/v2\/types\/post"}],"author":[{"embeddable":true,"href":"https:\/\/neutrale.al\/index.php\/wp-json\/wp\/v2\/users\/2"}],"replies":[{"embeddable":true,"href":"https:\/\/neutrale.al\/index.php\/wp-json\/wp\/v2\/comments?post=18416"}],"version-history":[{"count":1,"href":"https:\/\/neutrale.al\/index.php\/wp-json\/wp\/v2\/posts\/18416\/revisions"}],"predecessor-version":[{"id":18418,"href":"https:\/\/neutrale.al\/index.php\/wp-json\/wp\/v2\/posts\/18416\/revisions\/18418"}],"wp:featuredmedia":[{"embeddable":true,"href":"https:\/\/neutrale.al\/index.php\/wp-json\/wp\/v2\/media\/18417"}],"wp:attachment":[{"href":"https:\/\/neutrale.al\/index.php\/wp-json\/wp\/v2\/media?parent=18416"}],"wp:term":[{"taxonomy":"category","embeddable":true,"href":"https:\/\/neutrale.al\/index.php\/wp-json\/wp\/v2\/categories?post=18416"},{"taxonomy":"post_tag","embeddable":true,"href":"https:\/\/neutrale.al\/index.php\/wp-json\/wp\/v2\/tags?post=18416"}],"curies":[{"name":"wp","href":"https:\/\/api.w.org\/{rel}","templated":true}]}}