{"id":18408,"date":"2022-09-11T08:11:33","date_gmt":"2022-09-11T08:11:33","guid":{"rendered":"https:\/\/neutrale.al\/?p=18408"},"modified":"2022-09-11T08:11:33","modified_gmt":"2022-09-11T08:11:33","slug":"8-vende-qe-duhen-vizituar-ne-europe-gjate-shtatorit","status":"publish","type":"post","link":"https:\/\/neutrale.al\/index.php\/2022\/09\/11\/8-vende-qe-duhen-vizituar-ne-europe-gjate-shtatorit\/","title":{"rendered":"8 vende q\u00eb duhen vizituar n\u00eb Europ\u00eb gjat\u00eb shtatorit"},"content":{"rendered":"<p>Megjith\u00ebse Europa \u00ebsht\u00eb magjike n\u00eb \u00e7do periudh\u00eb t\u00eb vitit, shtatori mund t\u00eb jet\u00eb koha e p\u00ebrsosur p\u00ebr t\u00eb udh\u00ebtuar k\u00ebtu!<\/p>\n<p>Shtatori n\u00eb Europ\u00eb sjell temperatura m\u00eb t\u00eb fresk\u00ebta, m\u00eb pak vizitor\u00eb dhe \u00e7mime m\u00eb t\u00eb lira, duke e b\u00ebr\u00eb k\u00ebt\u00eb nj\u00eb muaj t\u00eb p\u00ebrsosur p\u00ebr t\u00eb eksploruar gjith\u00e7ka q\u00eb ofron ky rajon.<\/p>\n<p>Lart, n\u00eb Europ\u00ebn Veriore ose n\u00eb male, shtatori sjell aj\u00ebr t\u00eb fresk\u00ebt dhe fillimin e ndryshimit t\u00eb gjetheve t\u00eb pem\u00ebve, nd\u00ebrsa Europa Jugore ka ende dit\u00eb t\u00eb gjata dhe t\u00eb ngrohta, ideale p\u00ebr t\u2019u \u00e7lodhur n\u00eb plazhet e pastra.<\/p>\n<p>N\u00ebse d\u00ebshironi disa pushime n\u00eb qytet gjat\u00eb fundjav\u00ebs, pushime n\u00eb mal ose disa dit\u00eb t\u00eb fundit n\u00eb plazh p\u00ebrpara fillimit t\u00eb dimrit, shtatori \u00ebsht\u00eb koha e p\u00ebrkryer p\u00ebr t\u00eb b\u00ebr\u00eb pushimet tuaja n\u00eb Europ\u00eb.<\/p>\n<p>8.Rom\u00eb- Itali<\/p>\n<p>Nuk ka periudh\u00eb m\u00eb t\u00eb mir\u00eb t\u00eb vitit sesa shtatori p\u00ebr t\u00eb vizituar qytetin magjik t\u00eb Rom\u00ebs, kur nxeht\u00ebsia dhe lag\u00ebshtia e korrikut dhe e gushtit ndihen m\u00eb pak. Ky sezon \u00ebsht\u00eb i p\u00ebrsosur p\u00ebr t\u00eb vizituar destinacione t\u00eb njohura, t\u00eb tilla si Vatikani apo Koloseu, dhe nuk ka asnj\u00eb periudh\u00eb t\u00eb vitit q\u00eb nuk do t\u00eb ishte e p\u00ebrshtatshme p\u00ebr t\u00eb shijuar ushqimet italiane.<\/p>\n<p>Ata q\u00eb kan\u00eb pak m\u00eb shum\u00eb koh\u00eb n\u00eb dispozicion p\u00ebr t\u00eb vizituar Italin\u00eb duhet t\u00eb konsiderojn\u00eb t\u00eb shkojn\u00eb n\u00eb veri, nga Roma n\u00eb Firence ose n\u00eb Venecia, apo n\u00eb jug, n\u00eb Sorrento ose Napoli.<\/p>\n<p>\u00a07\u2022 Split, Kroaci<\/p>\n<p>Spliti \u00ebsht\u00eb nj\u00eb zgjedhje ideale p\u00ebr pushime n\u00eb shtator, megjith\u00ebse shpesh ai anashkalohet nga vizitor\u00ebt p\u00ebr shkak t\u00eb qytetit shum\u00eb m\u00eb t\u00eb njohur kroat, Dubrovnikut. Ai \u00ebsht\u00eb qyteti i dyt\u00eb m\u00eb i madh n\u00eb Kroaci dhe ndodhet p\u00ebrgjat\u00eb bregdetit t\u00eb bukur t\u00eb Adriatikut.<\/p>\n<p>Shtatori \u00ebsht\u00eb koha e mrekullueshme p\u00ebr ta vizituar k\u00ebt\u00eb qytet, pasi do t\u00eb ket\u00eb m\u00eb shum\u00eb freski p\u00ebrgjat\u00eb rrug\u00ebv\u00eb historike t\u00eb tij dhe m\u00eb pak turist\u00eb q\u00eb vijn\u00eb p\u00ebr ta par\u00eb at\u00eb. P\u00ebr pamje m\u00eb t\u00eb bukura t\u00eb t\u00eb gjith\u00eb qytetit dhe gjirit, mund t\u00eb ngjiteni n\u00eb kull\u00ebn e kamban\u00ebs te Katedralja e Sh\u00ebn Domnius, e cila \u00ebsht\u00eb katedralja m\u00eb e vjet\u00ebr katolike n\u00eb bot\u00eb.<\/p>\n<p>\u00a0<br \/>\n6\u2022 Krakov, Poloni<br \/>\nKrakovi \u00ebsht\u00eb nj\u00eb perl\u00eb e mrekullueshme dhe njihet si nj\u00eb nga destinacionet m\u00eb t\u00eb lira t\u00eb Europ\u00ebs p\u00ebr t\u2019u vizituar, pasi \u04abmimet \u00e7udit\u00ebrisht nuk jan\u00eb shum\u00eb t\u00eb larta k\u00ebtu. Ky \u00ebsht\u00eb nj\u00eb qytet i bukur historik, me nj\u00eb shesh t\u00eb mrekulluesh\u00ebm t\u00eb tregut kryesor q\u00eb ndodhet pik\u00ebrisht n\u00eb qend\u00ebr t\u00eb qytetit.<\/p>\n<p>N\u00eb k\u00ebt\u00eb shesh ndodhet bazilika e famshme gotike e Sh\u00ebn Maris\u00eb, e nd\u00ebrtuar n\u00eb shekullin XIV, si dhe Salla e P\u00eblhurave, nj\u00eb vep\u00ebr e Rilindjes e nd\u00ebrtuar n\u00eb shekullin XVI. N\u00eb shtator, megjith\u00ebse i nxehti do t\u00eb ket\u00eb r\u00ebn\u00eb, prodhimet e fresk\u00ebta do t\u00eb vazhdojn\u00eb t\u00eb gjenden n\u00eb tregjet lokale, duke e b\u00ebr\u00eb k\u00ebt\u00eb periudh\u00eb t\u00eb mrekullueshme p\u00ebr t\u00eb vizituar ish-kryeqytein e Polonis\u00eb.<\/p>\n<p>\u00a0<br \/>\n5\u2022 Ishujt grek\u00eb<\/p>\n<p>Shtatori konsiderohet si muaji i fundit i sezonit t\u00eb ver\u00ebs n\u00eb Ishujt Grek\u00eb, k\u00ebshtu q\u00eb \u00ebsht\u00eb periudha e p\u00ebrkryer p\u00ebr t\u00eb p\u00ebrfituar disa oferta t\u00eb mira dhe p\u00ebr t\u00eb shmangur vap\u00ebn p\u00ebrv\u00ebluese, bashk\u00eb me turmat e turist\u00ebve. Me m\u00eb shum\u00eb se 200 ishuj, vizitor\u00ebt n\u00eb k\u00ebt\u00eb rajon kan\u00eb nj\u00eb shum\u00ebllojshm\u00ebri zgjedhjesh.<\/p>\n<p>Santorini \u00ebsht\u00eb nj\u00eb nga ishujt m\u00eb t\u00eb njohur p\u00ebr ata q\u00eb vijn\u00eb p\u00ebr her\u00eb t\u00eb par\u00eb n\u00eb k\u00ebt\u00eb rajon dhe nuk \u00ebsht\u00eb e v\u00ebshtir\u00eb t\u00eb kuptosh arsyen kur shikon pamjet mahnit\u00ebse t\u00eb liqenit t\u00eb kraterit, nd\u00ebrtesat e bardha dhe plazhet me r\u00ebr\u00eb t\u00eb zez\u00eb.<\/p>\n<p>Korfuzi \u00ebsht\u00eb gjithashtu nj\u00eb tjet\u00ebr ishull i njohur, me fshatrat e vegj\u00ebl, me zonat e ullishteve dhe me disa nga plazhet m\u00eb t\u00eb bukura t\u00eb Europ\u00ebs. Sifnos, nj\u00eb ishull m\u00eb pak i njohur, \u00ebsht\u00eb nj\u00eb zgjedhje e shk\u00eblqyer p\u00ebr gastronomin\u00eb, me\u00a0revith\u00e1da-t\u00a0e tij t\u00eb famshme (qiqrat e pjekura) dhe\u00a0mastello-n\u00a0(mish qengji me ver\u00eb t\u00eb kuqe dhe kop\u00ebr).<\/p>\n<p>4\u2022 Budapest-Hungaria<\/p>\n<p>Budapesti \u00ebsht\u00eb nj\u00eb tjet\u00ebr qytet i mrekulluesh\u00ebm p\u00ebr t\u2019u vizituar n\u00eb shtator, kur temperaturat kan\u00eb r\u00ebn\u00eb, pasi shum\u00eb nga hotelet me \u04abmime t\u00eb lira nuk kan\u00eb aj\u00ebr t\u00eb kondicionuar. Ka kaq shum\u00eb pamje t\u00eb bukura p\u00ebr t\u00eb shijuar dhe aktivitete p\u00ebr t\u00eb b\u00ebr\u00eb n\u00eb k\u00ebt\u00eb kryeqytet t\u00eb jasht\u00ebzakonsh\u00ebm.<\/p>\n<p>Nj\u00eb mund\u00ebsi unike p\u00ebr t\u00eb par\u00eb qytetin \u00ebsht\u00eb duke lundruar me vark\u00eb p\u00ebrgjat\u00eb lumit ose duke vizituar ishullin Margaret n\u00eb mes t\u00eb lumit Danub.<\/p>\n<p>Budapesti organizon gjithashtu nj\u00eb s\u00ebr\u00eb festivalesh arg\u00ebtuese n\u00eb shtator, duke p\u00ebrfshir\u00eb Festivalin e Ver\u00ebs Hebraike, i cili nxjerr n\u00eb pah filmat, muzik\u00ebn, artin dhe let\u00ebrsin\u00eb hebraike, Festivalin Fois Gras, ku vizitor\u00ebt mund t\u00eb provojn\u00eb nj\u00eb shum\u00ebllojshm\u00ebri t\u00eb m\u00ebl\u04abive t\u00eb pat\u00ebs n\u00eb stilin \u201cfoie-gras\u201d nga prodhuesit vendas, ose Festivalin Nd\u00ebrkomb\u00ebtar t\u00eb Ver\u00ebs n\u00eb Budapest ku vizitor\u00ebt mund t\u00eb degustojn\u00eb ver\u00ebra lokale hungareze.<\/p>\n<p>3\u2022 Galwai-Irland\u00eb<\/p>\n<p>Nj\u00eb tjet\u00ebr qytet ku zhvillohen shum\u00eb festivale gjat\u00eb muajit shtator \u00ebsht\u00eb Galway n\u00eb Irland\u00eb. M\u00eb i famshmi prej tyre \u00ebsht\u00eb Festivali Nd\u00ebrkomb\u00ebtar i Galway p\u00ebr Frutat e Detit, i cili \u00ebsht\u00eb festivali i dyt\u00eb m\u00eb i famsh\u00ebm irlandez pas Dit\u00ebs s\u00eb Sh\u00ebn Patrikut.<\/p>\n<p>Eventi \u00ebsht\u00eb i mbushur me aktivitete arg\u00ebtuese q\u00eb lidhen me frutat e detit, duke p\u00ebrfshir\u00eb garat e ngr\u00ebnies s\u00eb tyre, kampionatet e hapjes s\u00eb midhjeve dhe demonstrimin e gatimit t\u00eb tyre. Festat dhe konkurset jan\u00eb t\u00eb shp\u00ebrndara n\u00eb t\u00eb gjith\u00eb qytetin dhe muzikant\u00ebt folklorik\u00eb performojn\u00eb n\u00eb skena p\u00ebrgjat\u00eb gjith\u00eb festivalit.<\/p>\n<p>P\u00ebr sa i p\u00ebrket gastronomis\u00eb, Galway \u00ebsht\u00eb nj\u00eb nga vendet m\u00eb t\u00eb mira p\u00ebr t\u2019u vizituar n\u00eb shtator.<\/p>\n<p>\u00a0<\/p>\n<p>2\u2022 Sevilje, Spanj\u00eb<\/p>\n<p>Sevilja \u00ebsht\u00eb nj\u00eb destinacion i bukur gjat\u00eb gjith\u00eb vitit, me arkitektur\u00ebn e saj t\u00eb stilit barok, Katedralen mahnit\u00ebse t\u00eb Seviljes dhe sheshin e mrekulluesh\u00ebm Plaza de Espa\u00f1a.<\/p>\n<p>Shtatori \u00ebsht\u00eb nj\u00eb periudh\u00eb ve\u00e7an\u00ebrisht interesante p\u00ebr t\u00eb vizituar k\u00ebt\u00eb qytet, p\u00ebr shkak t\u00eb fest\u00ebs s\u00eb p\u00ebrballjes me demat, Feria de Pedro Romero.<\/p>\n<p>Gjat\u00eb gjith\u00eb dit\u00ebs, njer\u00ebzit v\u00ebrshojn\u00eb n\u00eb rrug\u00ebt e qytetit, t\u00eb veshur me kostume tradicionale t\u00eb loj\u00ebrave me demat, dhe gjith\u00e7ka p\u00ebrfundon me ndeshjen me demat n\u00eb sheshin kryesor.<\/p>\n<p>\u00a0<\/p>\n<p>1\u2022 Interlaken, Zvic\u00ebr<\/p>\n<p>Zvicra \u00ebsht\u00eb nj\u00eb vend jasht\u00ebzakonisht i bukur, dhe, p\u00ebr ata q\u00eb e vizitojn\u00eb p\u00ebr her\u00eb t\u00eb par\u00eb, Interlaken \u00ebsht\u00eb nj\u00eb destinacion i p\u00ebrkryer p\u00ebr t\u00eb par\u00eb disa nga peizazhet m\u00eb t\u00eb shk\u00eblqyera q\u00eb mund t\u00eb ofroj\u00eb Zvicra qendrore. Interlaken, q\u00eb do t\u00eb thot\u00eb \u201cmidis liqeneve\u201d, i p\u00ebrshtatet emrit t\u00eb tij dhe \u00ebsht\u00eb i vendosur pik\u00ebrisht midis dy liqeneve mahnit\u00ebse, Thun n\u00eb per\u00ebndim dhe Brienz n\u00eb lindje.<\/p>\n<p>Ka kaq shum\u00eb aktivitete p\u00ebr t\u00eb b\u00ebr\u00eb brenda ose p\u00ebrreth liqenit, duke p\u00ebrfshir\u00eb lundrimin, windsurfing, paragliding, hipiz\u00ebm dhe golf. Qyteti \u00ebsht\u00eb nj\u00eb destinacion i p\u00ebrkryer p\u00ebr t\u00eb eksploruar m\u00eb tej malet e k\u00ebtij rajoni. Shtatori n\u00eb Interlaken sjell m\u00eb pak turist\u00eb dhe ofron temperatura m\u00eb t\u00eb fresk\u00ebta p\u00ebr ecje, por gjithsesi mjaftuesh\u00ebm t\u00eb ngrohta p\u00ebr aktivitetet n\u00eb liqen.\/ The Travel<\/p>\n<p><img loading=\"lazy\" loading=\"lazy\" decoding=\"async\" src=\"https:\/\/neutrale.al\/wp-content\/uploads\/2022\/09\/524C4945-AFA2-4C10-96BA-E4185AFE8306-300x208.jpeg\" alt=\"\" width=\"300\" height=\"208\" class=\"alignnone size-medium wp-image-18409\" srcset=\"https:\/\/neutrale.al\/wp-content\/uploads\/2022\/09\/524C4945-AFA2-4C10-96BA-E4185AFE8306-300x208.jpeg 300w, https:\/\/neutrale.al\/wp-content\/uploads\/2022\/09\/524C4945-AFA2-4C10-96BA-E4185AFE8306-1024x710.jpeg 1024w, https:\/\/neutrale.al\/wp-content\/uploads\/2022\/09\/524C4945-AFA2-4C10-96BA-E4185AFE8306-768x533.jpeg 768w, https:\/\/neutrale.al\/wp-content\/uploads\/2022\/09\/524C4945-AFA2-4C10-96BA-E4185AFE8306-860x596.jpeg 860w, https:\/\/neutrale.al\/wp-content\/uploads\/2022\/09\/524C4945-AFA2-4C10-96BA-E4185AFE8306.jpeg 1080w\" sizes=\"auto, (max-width: 300px) 100vw, 300px\" \/><\/p>\n<p><img loading=\"lazy\" loading=\"lazy\" decoding=\"async\" src=\"https:\/\/neutrale.al\/wp-content\/uploads\/2022\/09\/4B413AEA-DB3F-486F-9A2E-6B0BD80DA54B-300x196.jpeg\" alt=\"\" width=\"300\" height=\"196\" class=\"alignnone size-medium wp-image-18410\" srcset=\"https:\/\/neutrale.al\/wp-content\/uploads\/2022\/09\/4B413AEA-DB3F-486F-9A2E-6B0BD80DA54B-300x196.jpeg 300w, https:\/\/neutrale.al\/wp-content\/uploads\/2022\/09\/4B413AEA-DB3F-486F-9A2E-6B0BD80DA54B-1024x668.jpeg 1024w, https:\/\/neutrale.al\/wp-content\/uploads\/2022\/09\/4B413AEA-DB3F-486F-9A2E-6B0BD80DA54B-768x501.jpeg 768w, https:\/\/neutrale.al\/wp-content\/uploads\/2022\/09\/4B413AEA-DB3F-486F-9A2E-6B0BD80DA54B-860x561.jpeg 860w, https:\/\/neutrale.al\/wp-content\/uploads\/2022\/09\/4B413AEA-DB3F-486F-9A2E-6B0BD80DA54B.jpeg 1080w\" sizes=\"auto, (max-width: 300px) 100vw, 300px\" \/><\/p>\n<p><img loading=\"lazy\" loading=\"lazy\" decoding=\"async\" src=\"https:\/\/neutrale.al\/wp-content\/uploads\/2022\/09\/8D34F63C-B1C0-482E-A85C-1B385F332062-300x232.jpeg\" alt=\"\" width=\"300\" height=\"232\" class=\"alignnone size-medium wp-image-18411\" srcset=\"https:\/\/neutrale.al\/wp-content\/uploads\/2022\/09\/8D34F63C-B1C0-482E-A85C-1B385F332062-300x232.jpeg 300w, https:\/\/neutrale.al\/wp-content\/uploads\/2022\/09\/8D34F63C-B1C0-482E-A85C-1B385F332062-1024x792.jpeg 1024w, https:\/\/neutrale.al\/wp-content\/uploads\/2022\/09\/8D34F63C-B1C0-482E-A85C-1B385F332062-768x594.jpeg 768w, https:\/\/neutrale.al\/wp-content\/uploads\/2022\/09\/8D34F63C-B1C0-482E-A85C-1B385F332062-860x665.jpeg 860w, https:\/\/neutrale.al\/wp-content\/uploads\/2022\/09\/8D34F63C-B1C0-482E-A85C-1B385F332062.jpeg 1080w\" sizes=\"auto, (max-width: 300px) 100vw, 300px\" \/><\/p>\n<p><img loading=\"lazy\" loading=\"lazy\" decoding=\"async\" src=\"https:\/\/neutrale.al\/wp-content\/uploads\/2022\/09\/332798E9-BD5B-4543-95E9-35494D3697CC-300x225.jpeg\" alt=\"\" width=\"300\" height=\"225\" class=\"alignnone size-medium wp-image-18412\" srcset=\"https:\/\/neutrale.al\/wp-content\/uploads\/2022\/09\/332798E9-BD5B-4543-95E9-35494D3697CC-300x225.jpeg 300w, https:\/\/neutrale.al\/wp-content\/uploads\/2022\/09\/332798E9-BD5B-4543-95E9-35494D3697CC-1024x768.jpeg 1024w, https:\/\/neutrale.al\/wp-content\/uploads\/2022\/09\/332798E9-BD5B-4543-95E9-35494D3697CC-768x576.jpeg 768w, https:\/\/neutrale.al\/wp-content\/uploads\/2022\/09\/332798E9-BD5B-4543-95E9-35494D3697CC-860x645.jpeg 860w, https:\/\/neutrale.al\/wp-content\/uploads\/2022\/09\/332798E9-BD5B-4543-95E9-35494D3697CC.jpeg 1078w\" sizes=\"auto, (max-width: 300px) 100vw, 300px\" \/><\/p>\n<p><img loading=\"lazy\" loading=\"lazy\" decoding=\"async\" src=\"https:\/\/neutrale.al\/wp-content\/uploads\/2022\/09\/ACDA34C7-AA63-470B-871E-DE6247AF7F6F-300x173.jpeg\" alt=\"\" width=\"300\" height=\"173\" class=\"alignnone size-medium wp-image-18413\" srcset=\"https:\/\/neutrale.al\/wp-content\/uploads\/2022\/09\/ACDA34C7-AA63-470B-871E-DE6247AF7F6F-300x173.jpeg 300w, https:\/\/neutrale.al\/wp-content\/uploads\/2022\/09\/ACDA34C7-AA63-470B-871E-DE6247AF7F6F-1024x589.jpeg 1024w, https:\/\/neutrale.al\/wp-content\/uploads\/2022\/09\/ACDA34C7-AA63-470B-871E-DE6247AF7F6F-768x442.jpeg 768w, https:\/\/neutrale.al\/wp-content\/uploads\/2022\/09\/ACDA34C7-AA63-470B-871E-DE6247AF7F6F-860x495.jpeg 860w, https:\/\/neutrale.al\/wp-content\/uploads\/2022\/09\/ACDA34C7-AA63-470B-871E-DE6247AF7F6F.jpeg 1080w\" sizes=\"auto, (max-width: 300px) 100vw, 300px\" \/><\/p>\n","protected":false},"excerpt":{"rendered":"<p>Megjith\u00ebse Europa \u00ebsht\u00eb magjike n\u00eb \u00e7do periudh\u00eb t\u00eb vitit, shtatori mund t\u00eb jet\u00eb koha e p\u00ebrsosur p\u00ebr t\u00eb udh\u00ebtuar k\u00ebtu! Shtatori n\u00eb Europ\u00eb sjell temperatura m\u00eb t\u00eb fresk\u00ebta, m\u00eb pak vizitor\u00eb dhe \u00e7mime m\u00eb t\u00eb lira, duke e b\u00ebr\u00eb k\u00ebt\u00eb nj\u00eb muaj t\u00eb p\u00ebrsosur p\u00ebr t\u00eb eksploruar gjith\u00e7ka q\u00eb ofron ky rajon. Lart, n\u00eb Europ\u00ebn [&hellip;]<\/p>\n","protected":false},"author":2,"featured_media":18414,"comment_status":"open","ping_status":"open","sticky":false,"template":"","format":"standard","meta":{"footnotes":""},"categories":[121],"tags":[],"class_list":{"0":"post-18408","1":"post","2":"type-post","3":"status-publish","4":"format-standard","5":"has-post-thumbnail","7":"category-udhetim"},"_links":{"self":[{"href":"https:\/\/neutrale.al\/index.php\/wp-json\/wp\/v2\/posts\/18408","targetHints":{"allow":["GET"]}}],"collection":[{"href":"https:\/\/neutrale.al\/index.php\/wp-json\/wp\/v2\/posts"}],"about":[{"href":"https:\/\/neutrale.al\/index.php\/wp-json\/wp\/v2\/types\/post"}],"author":[{"embeddable":true,"href":"https:\/\/neutrale.al\/index.php\/wp-json\/wp\/v2\/users\/2"}],"replies":[{"embeddable":true,"href":"https:\/\/neutrale.al\/index.php\/wp-json\/wp\/v2\/comments?post=18408"}],"version-history":[{"count":1,"href":"https:\/\/neutrale.al\/index.php\/wp-json\/wp\/v2\/posts\/18408\/revisions"}],"predecessor-version":[{"id":18415,"href":"https:\/\/neutrale.al\/index.php\/wp-json\/wp\/v2\/posts\/18408\/revisions\/18415"}],"wp:featuredmedia":[{"embeddable":true,"href":"https:\/\/neutrale.al\/index.php\/wp-json\/wp\/v2\/media\/18414"}],"wp:attachment":[{"href":"https:\/\/neutrale.al\/index.php\/wp-json\/wp\/v2\/media?parent=18408"}],"wp:term":[{"taxonomy":"category","embeddable":true,"href":"https:\/\/neutrale.al\/index.php\/wp-json\/wp\/v2\/categories?post=18408"},{"taxonomy":"post_tag","embeddable":true,"href":"https:\/\/neutrale.al\/index.php\/wp-json\/wp\/v2\/tags?post=18408"}],"curies":[{"name":"wp","href":"https:\/\/api.w.org\/{rel}","templated":true}]}}