{"id":18405,"date":"2022-09-11T08:09:47","date_gmt":"2022-09-11T08:09:47","guid":{"rendered":"https:\/\/neutrale.al\/?p=18405"},"modified":"2022-09-11T08:09:47","modified_gmt":"2022-09-11T08:09:47","slug":"selanik-perleshje-me-thika-ne-mes-te-qytetit-plagoset-ne-qafe-nje-i-ri","status":"publish","type":"post","link":"https:\/\/neutrale.al\/index.php\/2022\/09\/11\/selanik-perleshje-me-thika-ne-mes-te-qytetit-plagoset-ne-qafe-nje-i-ri\/","title":{"rendered":"Selanik\/ P\u00ebrleshje me thika n\u00eb mes t\u00eb qytetit, plagoset n\u00eb qaf\u00eb nj\u00eb i ri"},"content":{"rendered":"<p>Nj\u00eb sherr me thika \u00ebsht\u00eb raportuar mbr\u00ebmjen e k\u00ebsaj t\u00eb shtune n\u00eb qend\u00ebr t\u00eb Selanikut. Ngjarja ka ndodhur mes dy t\u00eb rinjve. Nj\u00eb 22-vje\u00e7ar algjerian ka marr\u00eb t\u00eb pakt\u00ebn tre plag\u00eb me thik\u00eb, dy n\u00eb gjoks dhe nj\u00eb n\u00eb k\u00ebmb\u00ebn e majt\u00eb.<\/p>\n<p>Nd\u00ebrsa nj\u00eb tjet\u00ebr person \u00ebsht\u00eb d\u00ebrguar menj\u00ebher\u00eb n\u00eb spital p\u00ebr shkak t\u00eb plag\u00ebve t\u00eb marra.<\/p>\n<p>Deri m\u00eb tani nuk dihen shkaqet e ngjarjes s\u00eb r\u00ebnd\u00eb.<\/p>\n<p>Nd\u00ebrkoh\u00eb forca t\u00eb shumta policie kan\u00eb mb\u00ebrritur n\u00eb vendngjarje.<\/p>\n","protected":false},"excerpt":{"rendered":"<p>Nj\u00eb sherr me thika \u00ebsht\u00eb raportuar mbr\u00ebmjen e k\u00ebsaj t\u00eb shtune n\u00eb qend\u00ebr t\u00eb Selanikut. Ngjarja ka ndodhur mes dy t\u00eb rinjve. Nj\u00eb 22-vje\u00e7ar algjerian ka marr\u00eb t\u00eb pakt\u00ebn tre plag\u00eb me thik\u00eb, dy n\u00eb gjoks dhe nj\u00eb n\u00eb k\u00ebmb\u00ebn e majt\u00eb. Nd\u00ebrsa nj\u00eb tjet\u00ebr person \u00ebsht\u00eb d\u00ebrguar menj\u00ebher\u00eb n\u00eb spital p\u00ebr shkak t\u00eb plag\u00ebve [&hellip;]<\/p>\n","protected":false},"author":2,"featured_media":18406,"comment_status":"open","ping_status":"open","sticky":false,"template":"","format":"standard","meta":{"footnotes":""},"categories":[6],"tags":[27],"class_list":{"0":"post-18405","1":"post","2":"type-post","3":"status-publish","4":"format-standard","5":"has-post-thumbnail","7":"category-rajoni","8":"tag-lajme"},"_links":{"self":[{"href":"https:\/\/neutrale.al\/index.php\/wp-json\/wp\/v2\/posts\/18405","targetHints":{"allow":["GET"]}}],"collection":[{"href":"https:\/\/neutrale.al\/index.php\/wp-json\/wp\/v2\/posts"}],"about":[{"href":"https:\/\/neutrale.al\/index.php\/wp-json\/wp\/v2\/types\/post"}],"author":[{"embeddable":true,"href":"https:\/\/neutrale.al\/index.php\/wp-json\/wp\/v2\/users\/2"}],"replies":[{"embeddable":true,"href":"https:\/\/neutrale.al\/index.php\/wp-json\/wp\/v2\/comments?post=18405"}],"version-history":[{"count":1,"href":"https:\/\/neutrale.al\/index.php\/wp-json\/wp\/v2\/posts\/18405\/revisions"}],"predecessor-version":[{"id":18407,"href":"https:\/\/neutrale.al\/index.php\/wp-json\/wp\/v2\/posts\/18405\/revisions\/18407"}],"wp:featuredmedia":[{"embeddable":true,"href":"https:\/\/neutrale.al\/index.php\/wp-json\/wp\/v2\/media\/18406"}],"wp:attachment":[{"href":"https:\/\/neutrale.al\/index.php\/wp-json\/wp\/v2\/media?parent=18405"}],"wp:term":[{"taxonomy":"category","embeddable":true,"href":"https:\/\/neutrale.al\/index.php\/wp-json\/wp\/v2\/categories?post=18405"},{"taxonomy":"post_tag","embeddable":true,"href":"https:\/\/neutrale.al\/index.php\/wp-json\/wp\/v2\/tags?post=18405"}],"curies":[{"name":"wp","href":"https:\/\/api.w.org\/{rel}","templated":true}]}}