{"id":18392,"date":"2022-09-10T20:40:50","date_gmt":"2022-09-10T20:40:50","guid":{"rendered":"https:\/\/neutrale.al\/?p=18392"},"modified":"2022-09-10T20:40:50","modified_gmt":"2022-09-10T20:40:50","slug":"ne-selanik-balluku-me-ambasadoren-kim-u-takuan-me-perfaqesues-te-qeverise-amerikane","status":"publish","type":"post","link":"https:\/\/neutrale.al\/index.php\/2022\/09\/10\/ne-selanik-balluku-me-ambasadoren-kim-u-takuan-me-perfaqesues-te-qeverise-amerikane\/","title":{"rendered":"N\u00eb Selanik, Balluku me Ambasadoren Kim u takuan me p\u00ebrfaq\u00ebsues t\u00eb Qeveris\u00eb Amerikane."},"content":{"rendered":"<p>Lajmin e b\u00ebn\u00eb me dije zvkryeministrja Belinda Bamluku n\u00eb rrjetet sociale.<\/p>\n<p>Diskutuam, shkruan ajo, p\u00ebr dy projekte, Skavica dhe Projekti i LNG n\u00eb Vlor\u00eb.<\/p>\n<p>P\u00ebr m\u00eb shum\u00eb, postimi i Ballukut:<\/p>\n<p>N\u00eb Selanik, s\u00eb bashku me Ambasadoren Kim, zhvilluam nj\u00eb takim t\u00eb r\u00ebnd\u00ebsish\u00ebm me p\u00ebrfaq\u00ebsues t\u00eb administrat\u00ebs s\u00eb Qeveris\u00eb Amerikane. Diskutuam rreth ecuris\u00eb s\u00eb dy projekteve t\u00eb m\u00ebdha q\u00eb kemi iniciuar me SHBA, Skavica dhe Projekti i LNG n\u00eb Vlor\u00eb, si dhe p\u00ebr vijueshm\u00ebrin\u00eb e k\u00ebtij bashk\u00ebpunimi. Zv Asistent Sekretari i Departamentit Amerikan t\u00eb Energjis\u00eb, Joshua Volz, theksoi mb\u00ebshtetjen e SHBA p\u00ebr projekte q\u00eb p\u00ebrforcojn\u00eb sigurin\u00eb energjitike n\u00eb vend e m\u00eb gjer\u00eb, duke ofruar dhe mund\u00ebsi p\u00ebr financimin e tyre. Nd\u00ebrkoh\u00eb, Drejtori i Zhvillimit t\u00eb Korporat\u00ebs Financiare p\u00ebr Zhvillim t\u00eb SHBA, Andrew Herscowitz, parashtroi mund\u00ebsin\u00eb konkrete t\u00eb financimit t\u00eb dy projekteve strategjike Skavica dhe TEC Vlor\u00eb.<br \/>\nN\u00eb koh\u00eb t\u00eb v\u00ebshtira vler\u00ebsojm\u00eb akoma m\u00eb shum\u00eb v\u00ebmendjen e partner\u00ebve tan\u00eb strategjik. \ud83c\udde6\ud83c\uddf1\ud83e\udd1d\ud83c\uddfa\ud83c\uddf8<\/p>\n","protected":false},"excerpt":{"rendered":"<p>Lajmin e b\u00ebn\u00eb me dije zvkryeministrja Belinda Bamluku n\u00eb rrjetet sociale. Diskutuam, shkruan ajo, p\u00ebr dy projekte, Skavica dhe Projekti i LNG n\u00eb Vlor\u00eb. P\u00ebr m\u00eb shum\u00eb, postimi i Ballukut: N\u00eb Selanik, s\u00eb bashku me Ambasadoren Kim, zhvilluam nj\u00eb takim t\u00eb r\u00ebnd\u00ebsish\u00ebm me p\u00ebrfaq\u00ebsues t\u00eb administrat\u00ebs s\u00eb Qeveris\u00eb Amerikane. Diskutuam rreth ecuris\u00eb s\u00eb dy projekteve [&hellip;]<\/p>\n","protected":false},"author":2,"featured_media":18393,"comment_status":"open","ping_status":"open","sticky":false,"template":"","format":"standard","meta":{"footnotes":""},"categories":[9,6],"tags":[27],"class_list":{"0":"post-18392","1":"post","2":"type-post","3":"status-publish","4":"format-standard","5":"has-post-thumbnail","7":"category-politika","8":"category-rajoni","9":"tag-lajme"},"_links":{"self":[{"href":"https:\/\/neutrale.al\/index.php\/wp-json\/wp\/v2\/posts\/18392","targetHints":{"allow":["GET"]}}],"collection":[{"href":"https:\/\/neutrale.al\/index.php\/wp-json\/wp\/v2\/posts"}],"about":[{"href":"https:\/\/neutrale.al\/index.php\/wp-json\/wp\/v2\/types\/post"}],"author":[{"embeddable":true,"href":"https:\/\/neutrale.al\/index.php\/wp-json\/wp\/v2\/users\/2"}],"replies":[{"embeddable":true,"href":"https:\/\/neutrale.al\/index.php\/wp-json\/wp\/v2\/comments?post=18392"}],"version-history":[{"count":1,"href":"https:\/\/neutrale.al\/index.php\/wp-json\/wp\/v2\/posts\/18392\/revisions"}],"predecessor-version":[{"id":18394,"href":"https:\/\/neutrale.al\/index.php\/wp-json\/wp\/v2\/posts\/18392\/revisions\/18394"}],"wp:featuredmedia":[{"embeddable":true,"href":"https:\/\/neutrale.al\/index.php\/wp-json\/wp\/v2\/media\/18393"}],"wp:attachment":[{"href":"https:\/\/neutrale.al\/index.php\/wp-json\/wp\/v2\/media?parent=18392"}],"wp:term":[{"taxonomy":"category","embeddable":true,"href":"https:\/\/neutrale.al\/index.php\/wp-json\/wp\/v2\/categories?post=18392"},{"taxonomy":"post_tag","embeddable":true,"href":"https:\/\/neutrale.al\/index.php\/wp-json\/wp\/v2\/tags?post=18392"}],"curies":[{"name":"wp","href":"https:\/\/api.w.org\/{rel}","templated":true}]}}