{"id":18361,"date":"2022-09-10T19:24:13","date_gmt":"2022-09-10T19:24:13","guid":{"rendered":"https:\/\/neutrale.al\/?p=18361"},"modified":"2022-09-10T19:24:13","modified_gmt":"2022-09-10T19:24:13","slug":"dr-ardian-elezi-kryengritja-antikomuniste-e-postribes-akt-gjeopolitik-dhe-i-vokacionit-europian-te-shqiptareve","status":"publish","type":"post","link":"https:\/\/neutrale.al\/index.php\/2022\/09\/10\/dr-ardian-elezi-kryengritja-antikomuniste-e-postribes-akt-gjeopolitik-dhe-i-vokacionit-europian-te-shqiptareve\/","title":{"rendered":"Dr. Ardian Elezi\/Kryengritja antikomuniste e Postrib\u00ebs -akt  gjeopolitik dhe i vokacionit europian  t\u00eb shqiptar\u00ebve"},"content":{"rendered":"<p>L\u00ebvizja kryengrit\u00ebse e Postrib\u00ebs tregoi se komunizmi ishte di\u00e7ka e huaj dhe e pad\u00ebshiruar p\u00ebr shqiptar\u00ebt t\u00eb cil\u00ebt jetonin krenar\u00eb dhe me dinjitet n\u00eb votrat e tyre, q\u00eb liria q\u00eb kemi dhe g\u00ebzojm\u00eb sot ka nj\u00eb \u00e7mim , at\u00eb t\u00eb sakrific\u00ebs dhe p\u00ebrpjekjet q\u00eb b\u00ebn\u00eb mal\u00ebsor\u00ebt trima dhe intelektual\u00eb t\u00eb Postrib\u00ebs, t\u00eb Kelmendit, Mal\u00ebsis\u00eb s\u00eb Madhe, Dukagjinit dhe n\u00eb  mbar\u00eb vendin p\u00ebr t&#8217;u \u00e7liruar nga rregjimi dhe k\u00ebrc\u00ebnimi komunist.<br \/>\nPostriba u pushtua dhe u mbyt me gjak nga komunistet, ku me dhjetra u vrane, me qindra u denuan dhe me mijra te tjere u internuan dhe dergjen ne kampe perqendrimi.<br \/>\nKjo kryengritje e para e ketij lloji ne Evropen lindore  te cilen kishte rene dhe mbuluar terrin dhe nen perden e hekurt,eshte  simbol i rezistences antikomuniste,  simbol krenarie dhe dinjiteti njerzor per te cilet herojte e kesaj kevizje u martirizuan per lirine dhe demokracine, pavaresine kombetare, orientimin gjeopolitik te vendi t kah perendimi dhe jo nga lindja dogmatike e ndikimit sllavokomunist.<br \/>\nMesazhet qe na vijne nga kujtimi i kesaj levizje dhe nderimi per herojte jane aktuale edhe sot per  kryenaltesi,  per qendrese  , rezistence dhe  mbrojtje te  dinjitet njerzor e kombetar..Respekt e perulje per herojte e martirizuar te kryengritjes se Postribes, protoganisteve te saj Osman Haxhia, Ejup Kazazi e dhjetra e dhjetra djem e burra qe u vrane per clirimin komberar nga thundra e rregjimit kriminal  komunist , e qindra te burgosureve dhe  e mijrave te tjere te pafajshem qe u damkosen dhe persekutuan . Kjo dite homazhi eshte moment kujtimi, vlersimi, respekti perulje dhe   krenarie per vepren dhe sakrificen e tyre,  si dhe apeli per ndergjegjsimi per denimin e krimeve te komunizmit ,  per studimin , analizimin dhe rishikimin e historise , na frymezon  per bashkim dhe qendrese ne mbrojtje te vlerave te lirise ,  te demokracise, te drejtave tona politike, ekonomike  shoqerore si dhe te interesave kombetare.<\/p>\n<p><img loading=\"lazy\" loading=\"lazy\" decoding=\"async\" src=\"https:\/\/neutrale.al\/wp-content\/uploads\/2022\/09\/C29C2002-8D11-4726-B0D0-FFEEB3156B03-300x200.jpeg\" alt=\"\" width=\"300\" height=\"200\" class=\"alignnone size-medium wp-image-18362\" srcset=\"https:\/\/neutrale.al\/wp-content\/uploads\/2022\/09\/C29C2002-8D11-4726-B0D0-FFEEB3156B03-300x200.jpeg 300w, https:\/\/neutrale.al\/wp-content\/uploads\/2022\/09\/C29C2002-8D11-4726-B0D0-FFEEB3156B03-1024x683.jpeg 1024w, https:\/\/neutrale.al\/wp-content\/uploads\/2022\/09\/C29C2002-8D11-4726-B0D0-FFEEB3156B03-768x512.jpeg 768w, https:\/\/neutrale.al\/wp-content\/uploads\/2022\/09\/C29C2002-8D11-4726-B0D0-FFEEB3156B03-330x220.jpeg 330w, https:\/\/neutrale.al\/wp-content\/uploads\/2022\/09\/C29C2002-8D11-4726-B0D0-FFEEB3156B03-420x280.jpeg 420w, https:\/\/neutrale.al\/wp-content\/uploads\/2022\/09\/C29C2002-8D11-4726-B0D0-FFEEB3156B03-615x410.jpeg 615w, https:\/\/neutrale.al\/wp-content\/uploads\/2022\/09\/C29C2002-8D11-4726-B0D0-FFEEB3156B03-860x574.jpeg 860w, https:\/\/neutrale.al\/wp-content\/uploads\/2022\/09\/C29C2002-8D11-4726-B0D0-FFEEB3156B03.jpeg 1079w\" sizes=\"auto, (max-width: 300px) 100vw, 300px\" \/><\/p>\n","protected":false},"excerpt":{"rendered":"<p>L\u00ebvizja kryengrit\u00ebse e Postrib\u00ebs tregoi se komunizmi ishte di\u00e7ka e huaj dhe e pad\u00ebshiruar p\u00ebr shqiptar\u00ebt t\u00eb cil\u00ebt jetonin krenar\u00eb dhe me dinjitet n\u00eb votrat e tyre, q\u00eb liria q\u00eb kemi dhe g\u00ebzojm\u00eb sot ka nj\u00eb \u00e7mim , at\u00eb t\u00eb sakrific\u00ebs dhe p\u00ebrpjekjet q\u00eb b\u00ebn\u00eb mal\u00ebsor\u00ebt trima dhe intelektual\u00eb t\u00eb Postrib\u00ebs, t\u00eb Kelmendit, Mal\u00ebsis\u00eb s\u00eb [&hellip;]<\/p>\n","protected":false},"author":2,"featured_media":18364,"comment_status":"open","ping_status":"open","sticky":false,"template":"","format":"standard","meta":{"footnotes":""},"categories":[2],"tags":[],"class_list":{"0":"post-18361","1":"post","2":"type-post","3":"status-publish","4":"format-standard","5":"has-post-thumbnail","7":"category-opinione"},"_links":{"self":[{"href":"https:\/\/neutrale.al\/index.php\/wp-json\/wp\/v2\/posts\/18361","targetHints":{"allow":["GET"]}}],"collection":[{"href":"https:\/\/neutrale.al\/index.php\/wp-json\/wp\/v2\/posts"}],"about":[{"href":"https:\/\/neutrale.al\/index.php\/wp-json\/wp\/v2\/types\/post"}],"author":[{"embeddable":true,"href":"https:\/\/neutrale.al\/index.php\/wp-json\/wp\/v2\/users\/2"}],"replies":[{"embeddable":true,"href":"https:\/\/neutrale.al\/index.php\/wp-json\/wp\/v2\/comments?post=18361"}],"version-history":[{"count":1,"href":"https:\/\/neutrale.al\/index.php\/wp-json\/wp\/v2\/posts\/18361\/revisions"}],"predecessor-version":[{"id":18365,"href":"https:\/\/neutrale.al\/index.php\/wp-json\/wp\/v2\/posts\/18361\/revisions\/18365"}],"wp:featuredmedia":[{"embeddable":true,"href":"https:\/\/neutrale.al\/index.php\/wp-json\/wp\/v2\/media\/18364"}],"wp:attachment":[{"href":"https:\/\/neutrale.al\/index.php\/wp-json\/wp\/v2\/media?parent=18361"}],"wp:term":[{"taxonomy":"category","embeddable":true,"href":"https:\/\/neutrale.al\/index.php\/wp-json\/wp\/v2\/categories?post=18361"},{"taxonomy":"post_tag","embeddable":true,"href":"https:\/\/neutrale.al\/index.php\/wp-json\/wp\/v2\/tags?post=18361"}],"curies":[{"name":"wp","href":"https:\/\/api.w.org\/{rel}","templated":true}]}}