{"id":18305,"date":"2022-09-10T10:19:01","date_gmt":"2022-09-10T10:19:01","guid":{"rendered":"https:\/\/neutrale.al\/?p=18305"},"modified":"2022-09-10T10:19:01","modified_gmt":"2022-09-10T10:19:01","slug":"harris-murana-lamtumire-mik","status":"publish","type":"post","link":"https:\/\/neutrale.al\/index.php\/2022\/09\/10\/harris-murana-lamtumire-mik\/","title":{"rendered":"Harris Murana\/Lamtumir\u00eb mik !"},"content":{"rendered":"<p>Lamtumir\u00eb mik !<\/p>\n<p>T\u00eb paraftyroj mik, kur sheh ftyr\u00ebn e qeshun t\u00eb fmive q\u00eb n\u00eb preh\u00ebn me gzim t\u00eb hidhrn e ti shpirtvram z&#8217;duron dot, jo se n\u00eb shpirt dashnia p\u00ebr ta asht bjerr, por nga pamunsia q\u00eb gzimin t&#8217;ja garantosh dhe nes\u00ebr \u2026<\/p>\n<p>T\u00eb ndjej mik se si lamshi n\u00eb fyt t\u00eb mblidhet e posht\u00eb s&#8217;mun e \u00e7osh, syt\u00eb plot lot t\u00eb mbushen, nat\u00ebn n\u00eb vetmi, kur kush s&#8217;t\u00eb sheh, kur t\u00eb dashtunit tuj flen e ti ne idhnim i turresh Zotit se s&#8217;mun ban ma mir\u00eb p\u00ebr ta nes\u00ebr \u2026<\/p>\n<p>T\u00eb shoh mik, an\u00ebs krrusun  mundimesh, tek i kthen shpin\u00ebn gjindes se kutia jote s&#8217;ka as duhan me kthy p\u00ebr sot, e aq ma pak kafe me dorovit neser\u2026<br \/>\nTe kuptoj mik, nuk dite si me ju gjegj tujve kur pyt\u00ebn pse kasollja jon\u00eb n\u00eb terr e ti kruspull u mblodhe i vetdish\u00ebm q\u00eb ishe i pamundun me ba ma mir\u00eb nes\u00ebr \u2026<br \/>\nTa justifikoj mik rrug\u00ebn pa kthim q\u00eb more, burri s&#8217;un rri me dek\u00eb kadal\u00eb, po kam merak o mik se ma i sert ka me ken\u00eb dimni n\u00eb at\u00eb konak pa ty nes\u00ebr\u2026<\/p>\n<p>T\u00eb k\u00ebrkoj falje o mik q\u00eb s&#8217;t\u00eb njoha , ndoshta po t\u00eb ishim dy, tre, kat\u00ebr, nj\u00eb mij\u00eb do d\u00ebrrmonim padrejtesin\u00eb , arrogancen, do zbythnim frik\u00ebn e do ishe me ne dhe nes\u00ebr \u2026<\/p>\n<p>T\u00eb kjoft dheu i leht\u00eb o mik se barra e dashnis\u00eb dhe e dhimbjes s\u00eb atyne q\u00eb le do jet\u00eb fort e rand\u00eb, shpirti yt e ndritt\u00eb dhe e ngroft\u00eb at\u00eb konak q\u00eb zem\u00ebrngusht\u00ebsia e njerzve pa shpirt urdhnoi me e lan n\u00eb terr e t\u00eb ftoht\u00eb \u2026<\/p>\n<p>Mallku kjoft kush nuk njeh mshir\u00eb e zot !<\/p>\n","protected":false},"excerpt":{"rendered":"<p>Lamtumir\u00eb mik ! T\u00eb paraftyroj mik, kur sheh ftyr\u00ebn e qeshun t\u00eb fmive q\u00eb n\u00eb preh\u00ebn me gzim t\u00eb hidhrn e ti shpirtvram z&#8217;duron dot, jo se n\u00eb shpirt dashnia p\u00ebr ta asht bjerr, por nga pamunsia q\u00eb gzimin t&#8217;ja garantosh dhe nes\u00ebr \u2026 T\u00eb ndjej mik se si lamshi n\u00eb fyt t\u00eb mblidhet e [&hellip;]<\/p>\n","protected":false},"author":2,"featured_media":18306,"comment_status":"open","ping_status":"open","sticky":false,"template":"","format":"standard","meta":{"footnotes":""},"categories":[2],"tags":[],"class_list":{"0":"post-18305","1":"post","2":"type-post","3":"status-publish","4":"format-standard","5":"has-post-thumbnail","7":"category-opinione"},"_links":{"self":[{"href":"https:\/\/neutrale.al\/index.php\/wp-json\/wp\/v2\/posts\/18305","targetHints":{"allow":["GET"]}}],"collection":[{"href":"https:\/\/neutrale.al\/index.php\/wp-json\/wp\/v2\/posts"}],"about":[{"href":"https:\/\/neutrale.al\/index.php\/wp-json\/wp\/v2\/types\/post"}],"author":[{"embeddable":true,"href":"https:\/\/neutrale.al\/index.php\/wp-json\/wp\/v2\/users\/2"}],"replies":[{"embeddable":true,"href":"https:\/\/neutrale.al\/index.php\/wp-json\/wp\/v2\/comments?post=18305"}],"version-history":[{"count":1,"href":"https:\/\/neutrale.al\/index.php\/wp-json\/wp\/v2\/posts\/18305\/revisions"}],"predecessor-version":[{"id":18307,"href":"https:\/\/neutrale.al\/index.php\/wp-json\/wp\/v2\/posts\/18305\/revisions\/18307"}],"wp:featuredmedia":[{"embeddable":true,"href":"https:\/\/neutrale.al\/index.php\/wp-json\/wp\/v2\/media\/18306"}],"wp:attachment":[{"href":"https:\/\/neutrale.al\/index.php\/wp-json\/wp\/v2\/media?parent=18305"}],"wp:term":[{"taxonomy":"category","embeddable":true,"href":"https:\/\/neutrale.al\/index.php\/wp-json\/wp\/v2\/categories?post=18305"},{"taxonomy":"post_tag","embeddable":true,"href":"https:\/\/neutrale.al\/index.php\/wp-json\/wp\/v2\/tags?post=18305"}],"curies":[{"name":"wp","href":"https:\/\/api.w.org\/{rel}","templated":true}]}}