{"id":18293,"date":"2022-09-10T09:50:42","date_gmt":"2022-09-10T09:50:42","guid":{"rendered":"https:\/\/neutrale.al\/?p=18293"},"modified":"2022-09-10T09:50:42","modified_gmt":"2022-09-10T09:50:42","slug":"aksident-ne-aksin-korce-pogradec-kater-te-plagosur-mes-tyre-dy-femije","status":"publish","type":"post","link":"https:\/\/neutrale.al\/index.php\/2022\/09\/10\/aksident-ne-aksin-korce-pogradec-kater-te-plagosur-mes-tyre-dy-femije\/","title":{"rendered":"Aksident n\u00eb aksin Kor\u00e7\u00eb-Pogradec, kat\u00ebr t\u00eb plagosur, mes tyre dy f\u00ebmij\u00eb"},"content":{"rendered":"<p>Nj\u00eb aksident i r\u00ebnd\u00eb ka ndodhur sot n\u00eb zon\u00ebn juglindore t\u00eb vendit, por fatmir\u00ebsisht pa viktima.<\/p>\n<p>Kat\u00ebr persona, mes tyre dy f\u00ebmij\u00eb, jan\u00eb plagosur n\u00eb nj\u00eb aksident t\u00eb ndodhur paraditen e sotme n\u00eb aksin Kor\u00e7\u00eb-Pogradec.<\/p>\n<p>Sipas policis\u00eb, t\u00eb l\u00ebnduarit jan\u00eb jasht\u00eb rrezikut p\u00ebr jet\u00ebn. Mendohet se drejtuesi i mjetit  ka humbur kontrollin dhe ka dal\u00eb nga rrug\u00eba, e p\u00ebr pasoj\u00eb kan\u00eb mbetur t\u00eb plagosur t\u00eb 4-t\u00ebr pasagjer\u00ebt.<\/p>\n<p>Njoftimi:<\/p>\n<p>\u201cRreth or\u00ebs 10:45, n\u00eb aksin rrugor Kor\u00e7\u00eb-Pogradec, pran\u00eb fshatit Petrush\u00eb, shtetasi F.H., 32 vje\u00e7, duke drejtuar mjetin tip \u2018Benz\u2019, dyshohet se ka humbur kontrollin e mjetit dhe ka dal\u00eb nga rruga. P\u00ebr pasoj\u00eb kan\u00eb marr\u00eb d\u00ebmtime t\u00eb lehta 4 pasagjer\u00eb n\u00eb mjet, konkretisht shtetaset B.T. dhe I.R., si dhe dy f\u00ebmij\u00eb t\u00eb mitur, t\u00eb cil\u00ebt aktualisht ndodhen n\u00eb spitalin e Pogradecit\u201d,\u00a0njoftoi policia.<\/p>\n<p>Grupi hetimor po kryen veprimet procedurale.<\/p>\n","protected":false},"excerpt":{"rendered":"<p>Nj\u00eb aksident i r\u00ebnd\u00eb ka ndodhur sot n\u00eb zon\u00ebn juglindore t\u00eb vendit, por fatmir\u00ebsisht pa viktima. Kat\u00ebr persona, mes tyre dy f\u00ebmij\u00eb, jan\u00eb plagosur n\u00eb nj\u00eb aksident t\u00eb ndodhur paraditen e sotme n\u00eb aksin Kor\u00e7\u00eb-Pogradec. Sipas policis\u00eb, t\u00eb l\u00ebnduarit jan\u00eb jasht\u00eb rrezikut p\u00ebr jet\u00ebn. Mendohet se drejtuesi i mjetit ka humbur kontrollin dhe ka dal\u00eb [&hellip;]<\/p>\n","protected":false},"author":2,"featured_media":18294,"comment_status":"open","ping_status":"open","sticky":false,"template":"","format":"standard","meta":{"footnotes":""},"categories":[117],"tags":[27],"class_list":{"0":"post-18293","1":"post","2":"type-post","3":"status-publish","4":"format-standard","5":"has-post-thumbnail","7":"category-aktualitet","8":"tag-lajme"},"_links":{"self":[{"href":"https:\/\/neutrale.al\/index.php\/wp-json\/wp\/v2\/posts\/18293","targetHints":{"allow":["GET"]}}],"collection":[{"href":"https:\/\/neutrale.al\/index.php\/wp-json\/wp\/v2\/posts"}],"about":[{"href":"https:\/\/neutrale.al\/index.php\/wp-json\/wp\/v2\/types\/post"}],"author":[{"embeddable":true,"href":"https:\/\/neutrale.al\/index.php\/wp-json\/wp\/v2\/users\/2"}],"replies":[{"embeddable":true,"href":"https:\/\/neutrale.al\/index.php\/wp-json\/wp\/v2\/comments?post=18293"}],"version-history":[{"count":1,"href":"https:\/\/neutrale.al\/index.php\/wp-json\/wp\/v2\/posts\/18293\/revisions"}],"predecessor-version":[{"id":18295,"href":"https:\/\/neutrale.al\/index.php\/wp-json\/wp\/v2\/posts\/18293\/revisions\/18295"}],"wp:featuredmedia":[{"embeddable":true,"href":"https:\/\/neutrale.al\/index.php\/wp-json\/wp\/v2\/media\/18294"}],"wp:attachment":[{"href":"https:\/\/neutrale.al\/index.php\/wp-json\/wp\/v2\/media?parent=18293"}],"wp:term":[{"taxonomy":"category","embeddable":true,"href":"https:\/\/neutrale.al\/index.php\/wp-json\/wp\/v2\/categories?post=18293"},{"taxonomy":"post_tag","embeddable":true,"href":"https:\/\/neutrale.al\/index.php\/wp-json\/wp\/v2\/tags?post=18293"}],"curies":[{"name":"wp","href":"https:\/\/api.w.org\/{rel}","templated":true}]}}