{"id":18264,"date":"2022-09-10T08:16:37","date_gmt":"2022-09-10T08:16:37","guid":{"rendered":"https:\/\/neutrale.al\/?p=18264"},"modified":"2022-09-10T08:16:37","modified_gmt":"2022-09-10T08:16:37","slug":"rama-nis-konstruksioni-i-xhamise-se-plumbit-ne-shkoder","status":"publish","type":"post","link":"https:\/\/neutrale.al\/index.php\/2022\/09\/10\/rama-nis-konstruksioni-i-xhamise-se-plumbit-ne-shkoder\/","title":{"rendered":"Rama: Nis konstruksioni i Xhamis\u00eb s\u00eb Plumbit n\u00eb Shkod\u00ebr."},"content":{"rendered":"<p>Lajmin e b\u00ebn\u00eb me dije kryeministri Edi Rama n\u00eb rrjetet sociale.<\/p>\n<p>Ja sh\u00ebnimi i tij:<\/p>\n<p>MIR\u00cbM\u00cbNGJES \ud83d\ude0a<\/p>\n<p>dhe me lajmin e mir\u00eb se pas faljes s\u00eb fundit mbr\u00ebm\u00eb n\u00eb Xhamin\u00eb e Plumbit n\u00eb Shkod\u00ebr, u hap kantieri m\u00eb i ri n\u00eb fush\u00ebn e trash\u00ebgimis\u00eb kulturore, p\u00ebr nj\u00eb nga objektet pa asnj\u00eb ekzagjerim m\u00eb origjinale t\u00eb arkitektur\u00ebs islame n\u00eb bot\u00eb, ju uroj nj\u00eb fundjav\u00eb t\u00eb mbar\u00eb\ud83d\ude4f \ud83d\udd4c<\/p>\n<p><img loading=\"lazy\" loading=\"lazy\" decoding=\"async\" src=\"https:\/\/neutrale.al\/wp-content\/uploads\/2022\/09\/9A3CC3D5-4477-42B2-A86C-F402E4B5C41E-300x225.jpeg\" alt=\"\" width=\"300\" height=\"225\" class=\"alignnone size-medium wp-image-18265\" srcset=\"https:\/\/neutrale.al\/wp-content\/uploads\/2022\/09\/9A3CC3D5-4477-42B2-A86C-F402E4B5C41E-300x225.jpeg 300w, https:\/\/neutrale.al\/wp-content\/uploads\/2022\/09\/9A3CC3D5-4477-42B2-A86C-F402E4B5C41E-1024x767.jpeg 1024w, https:\/\/neutrale.al\/wp-content\/uploads\/2022\/09\/9A3CC3D5-4477-42B2-A86C-F402E4B5C41E-768x575.jpeg 768w, https:\/\/neutrale.al\/wp-content\/uploads\/2022\/09\/9A3CC3D5-4477-42B2-A86C-F402E4B5C41E-860x644.jpeg 860w, https:\/\/neutrale.al\/wp-content\/uploads\/2022\/09\/9A3CC3D5-4477-42B2-A86C-F402E4B5C41E.jpeg 1080w\" sizes=\"auto, (max-width: 300px) 100vw, 300px\" \/><\/p>\n","protected":false},"excerpt":{"rendered":"<p>Lajmin e b\u00ebn\u00eb me dije kryeministri Edi Rama n\u00eb rrjetet sociale. Ja sh\u00ebnimi i tij: MIR\u00cbM\u00cbNGJES \ud83d\ude0a dhe me lajmin e mir\u00eb se pas faljes s\u00eb fundit mbr\u00ebm\u00eb n\u00eb Xhamin\u00eb e Plumbit n\u00eb Shkod\u00ebr, u hap kantieri m\u00eb i ri n\u00eb fush\u00ebn e trash\u00ebgimis\u00eb kulturore, p\u00ebr nj\u00eb nga objektet pa asnj\u00eb ekzagjerim m\u00eb origjinale t\u00eb [&hellip;]<\/p>\n","protected":false},"author":2,"featured_media":18266,"comment_status":"open","ping_status":"open","sticky":false,"template":"","format":"standard","meta":{"footnotes":""},"categories":[118],"tags":[],"class_list":{"0":"post-18264","1":"post","2":"type-post","3":"status-publish","4":"format-standard","5":"has-post-thumbnail","7":"category-kryesore"},"_links":{"self":[{"href":"https:\/\/neutrale.al\/index.php\/wp-json\/wp\/v2\/posts\/18264","targetHints":{"allow":["GET"]}}],"collection":[{"href":"https:\/\/neutrale.al\/index.php\/wp-json\/wp\/v2\/posts"}],"about":[{"href":"https:\/\/neutrale.al\/index.php\/wp-json\/wp\/v2\/types\/post"}],"author":[{"embeddable":true,"href":"https:\/\/neutrale.al\/index.php\/wp-json\/wp\/v2\/users\/2"}],"replies":[{"embeddable":true,"href":"https:\/\/neutrale.al\/index.php\/wp-json\/wp\/v2\/comments?post=18264"}],"version-history":[{"count":1,"href":"https:\/\/neutrale.al\/index.php\/wp-json\/wp\/v2\/posts\/18264\/revisions"}],"predecessor-version":[{"id":18267,"href":"https:\/\/neutrale.al\/index.php\/wp-json\/wp\/v2\/posts\/18264\/revisions\/18267"}],"wp:featuredmedia":[{"embeddable":true,"href":"https:\/\/neutrale.al\/index.php\/wp-json\/wp\/v2\/media\/18266"}],"wp:attachment":[{"href":"https:\/\/neutrale.al\/index.php\/wp-json\/wp\/v2\/media?parent=18264"}],"wp:term":[{"taxonomy":"category","embeddable":true,"href":"https:\/\/neutrale.al\/index.php\/wp-json\/wp\/v2\/categories?post=18264"},{"taxonomy":"post_tag","embeddable":true,"href":"https:\/\/neutrale.al\/index.php\/wp-json\/wp\/v2\/tags?post=18264"}],"curies":[{"name":"wp","href":"https:\/\/api.w.org\/{rel}","templated":true}]}}