{"id":18114,"date":"2022-09-09T09:37:09","date_gmt":"2022-09-09T09:37:09","guid":{"rendered":"https:\/\/neutrale.al\/?p=18114"},"modified":"2022-09-09T09:37:09","modified_gmt":"2022-09-09T09:37:09","slug":"celaj-qeveria-diskriminon-tropojen-vetem-pse-nuk-ka-votuar-rilindjen","status":"publish","type":"post","link":"https:\/\/neutrale.al\/index.php\/2022\/09\/09\/celaj-qeveria-diskriminon-tropojen-vetem-pse-nuk-ka-votuar-rilindjen\/","title":{"rendered":"\u00c7elaj: Qeveria diskriminon Tropoj\u00ebn vet\u00ebm pse nuk ka votuar \u201crilindjen\u201d"},"content":{"rendered":"<p>Fjala e deputetit Isuf \u00c7elaj n\u00eb Kuvend<\/p>\n<p>E nderuara drejtuese e senac\u00ebs,<\/p>\n<p>T\u00eb nderuar qytetr\u00eb t\u00eb Tropoj\u00ebs, Hasit e Kuk\u00ebsit,<\/p>\n<p>T\u00eb nderuar koleg,<\/p>\n<p>[] Si p\u00ebrfaq\u00ebsues i banor\u00ebve t\u00eb qarkut m\u00eb t\u00eb varf\u00ebr t\u00eb Shqip\u00ebris\u00eb t\u00eb cil\u00ebt ndjehen t\u00eb harruar dhe t\u00eb diskriminuar nga kjo qeveri n\u00eb k\u00ebto 9 vite p\u00ebr t\u00eb vetmen arsye se nuk ju kan\u00eb votuar ju si rilindje, por as q\u00eb nuk keni arritur q\u00eb tjua bleni votat e tyre me gjith\u00eb tentativat e angazhimet e strukturave tuaja shtet\u00ebrore e atyre patronazhiste pasi ata kan\u00eb dinjitet e fisnik\u00ebri as nuk shiten e as nuk blihen dhe jan\u00eb krenar p\u00ebr origjin\u00ebn e vendlindjen e tyre!<\/p>\n<p>[] Hallet e shum\u00ebta t\u00eb k\u00ebtyre banor\u00ebve n\u00eb k\u00ebt\u00eb periudh\u00eb jan\u00eb thelluar akoma m\u00eb shum\u00eb edhe nga kriza e rritjes s\u00eb \u00e7mimeve t\u00eb produkteve baz\u00eb ushqimore t\u00eb shport\u00ebs dhe \u00e7mimi m\u00eb i lart\u00eb i karburantit n\u00eb rajon, mungesa e v\u00ebmendjes s\u00eb qeveris\u00eb n\u00eb investime p\u00ebr t\u00eb b\u00ebr\u00eb t\u00eb mundur leht\u00ebsimi sado pak t\u00eb gjendjes s\u00eb varf\u00ebris\u00eb s\u00eb tyre i jan\u00eb shtuar edhe mbyllja e transferimi i gati t\u00eb gjitha sh\u00ebrbimeve q\u00eb shteti duhet tjua afroj\u00eb aty n\u00eb rrethin e tyre banor\u00ebve t\u00eb Tropoj\u00ebs!<br \/>\n[] K\u00ebto dit\u00eb ASHK q\u00ebndrore e Lames n\u00eb Tiran\u00eb ka marr\u00eb vendimin hak\u00ebmarr\u00ebs e penalizues p\u00ebr banor\u00ebt e rrethit Tropoj\u00eb duke mbyllur Zyr\u00ebn Vendore t\u00eb Kadastr\u00ebs!<\/p>\n<p>[] Marrja e nj\u00eb vendimi t\u00eb till\u00eb nuk duhet t\u00eb ndodh\u00eb kurr\u00ebsesi pasi situata e rregjistrimit t\u00eb pasurive t\u00eb paluajt\u00ebshme n\u00eb rrethin e Tropoj\u00ebs \u00ebsht\u00eb n\u00eb mas\u00ebn 80% e pa rregjistruar, duke qen\u00eb se si n\u00eb t\u00eb gjith\u00eb veriun e kryesisht n\u00eb qarkun e Kuk\u00ebsit nuk \u00ebsht\u00eb zbatuar Ligji nr 7501, por toka \u00ebsht\u00eb ndar\u00eb sipas kufij\u00ebve t\u00eb vjet\u00ebr p\u00ebrpara kolektivizimit, dhe tjua mbyll\u00ebsh ZSHK duke ua d\u00ebrguar n\u00eb qend\u00ebr t\u00eb qarkut n\u00eb Kuk\u00ebs \u00ebsht\u00eb nj\u00eb krim!<\/p>\n<p>[] Po ashtu t\u00eb pa rregjistruara jan\u00eb edhe po thuajse mbi 90% edhe banesat n\u00eb t\u00eb gjitha fshatrat e rrethit!<\/p>\n<p>[] Po i kujtoj\u00eb Lames n\u00eb Tiran\u00eb dhe yes-manve servil t\u00eb tij\u00eb n\u00eb Kuk\u00ebs e Tropoj\u00eb se ky vendim vet\u00ebm sa thellon m\u00eb shum\u00eb barr\u00ebn e halleve t\u00eb m\u00ebdha q\u00eb r\u00ebndojn\u00eb mbi kurrizin e mal\u00ebsor\u00ebve t\u00eb varf\u00ebr t\u00eb Tropoj\u00ebs, pasi distanca me qendr\u00ebn e qarkut n\u00eb Kuk\u00ebs \u00ebsht\u00eb vajtje-ardhje rreth 220 km distanc\u00eb dhe duhet t\u00eb kalojn\u00eb 4 her\u00eb dy doganat me Kosov\u00ebn!<\/p>\n<p>[] E kam th\u00ebn\u00eb disa her\u00eb n\u00eb fjal\u00ebn time n\u00eb Parlament se kjo qeveri e Rilindjes n\u00eb k\u00ebto 9 vite \u00ebsht\u00eb hakmarr\u00eb politikisht ndaj Tropoj\u00ebs dhe k\u00ebt\u00eb e tregojn\u00eb veprimet e marra n\u00eb vazhdim\u00ebsi prej saj e cila p\u00ebrve\u00e7 propagand\u00ebs e demagogjis\u00eb nuk ka demostruar asgj\u00eb konkrete shembull \u00ebsht\u00eb trumbetimi me t\u00eb madhe i sloganit:\u201dQeveri e sh\u00ebrbimit dhe e sh\u00ebrbesave\u201d apo \u201dSh\u00ebrbimet t\u00eb shkojn\u00eb pran\u00eb qytetar\u00ebve\u201d dhe kjo p\u00ebr banor\u00ebt e Tropoj\u00ebs vet\u00ebm tek qytetar\u00ebt nuk kan\u00eb vajtur, por vet\u00ebm sa u jan\u00eb larguar dhe mohuar t\u00eb cilat jan\u00eb:<\/p>\n<p>[] sh\u00ebrbimi i kontrollit teknik t\u00eb automjeteve kryhet n\u00eb Kuk\u00ebs,<\/p>\n<p>[] sh\u00ebrbimi i tatim-taxave dhe i marrjes s\u00eb vertetimeve t\u00eb thjeshta kryhet n\u00eb Kuk\u00ebs,<\/p>\n<p>[] sh\u00ebrbimet e drejtorive t\u00eb arsimit e sh\u00ebndet\u00ebsis\u00eb p\u00ebrkat\u00ebsisht n\u00eb Lezh\u00eb e Shkod\u00ebr,<\/p>\n<p>[] mbyllja e Gjykat\u00ebs s\u00eb faktit (shkall\u00ebs par\u00eb) dhe transferimi i saj n\u00eb Kuk\u00ebs, e bashk\u00eb me k\u00ebt\u00eb edhe shkrirja e sh\u00ebrbimit t\u00eb paraburgimit q\u00eb ka t\u00eb b\u00ebj\u00eb edhe me largimin e transferimin jasht\u00eb rrethit t\u00eb efektiv\u00ebve t\u00eb policis\u00eb s\u00eb burgjeve, [] dhe sh\u00ebrbimi i fundit q\u00eb kishte mbetur n\u00eb Tropoj\u00eb ky i ZSHK (Zyra Shtet\u00ebrore e Kadastr\u00ebs) t\u00eb cil\u00ebn e mbyll\u00ebn k\u0113to dit\u00eb duke e kaluar n\u00eb Kuk\u00ebs,<\/p>\n<p>[] Thirrja ime shkon p\u00ebr ASHK e drejtorin e saj Artan Lame, p\u00ebr Ministrin e Drejt\u00ebsis\u00eb Manja, KM edhe p\u00ebr ata t\u00eb emruar nga Rilindja q\u00eb sot drejtojn\u00eb rrethin e Tropoj\u00ebs q\u00eb mos ua b\u00ebni k\u00ebt\u00eb pabesi banor\u00ebve t\u00eb Tropoj\u00ebs, pasi ata meritojn\u00eb kujdesjen e shtetit t\u00eb tyre dhe ofrimin e sh\u00ebrbimeve sa m\u00eb af\u00ebr n\u00eb koh\u00eb e cil\u00ebsi, pasi ata paguajn\u00eb taxat dhe respektojn\u00eb ligjet e vendit dhe nuk duhet ti trajtoni si qytetar t\u00eb dor\u00ebs dyt\u00eb!<\/p>\n<p>[] Reform\u00eb nuk \u00ebsht\u00eb t\u00eb mbyll\u00ebsh zyr\u00ebn atje pse keni emruar n\u00eb vazhdim\u00ebsi militant e njer\u00ebz q\u00eb nuk kan\u00eb asnj\u00eb lidhje e njohuri me profesionin dhe veprimet abuzive n\u00eb vazhdim\u00ebsi t\u00eb zyrtar\u00ebve tuaj partiak e patronazhist\u00eb kan\u00eb sjellur nj\u00eb katrahur\u00eb t\u00eb vertet\u00eb n\u00eb pronat e sherbimet e qytetar\u00ebve!<\/p>\n<p>[] Zem\u00ebrata e tyre ka nj\u00eb kufi, reagimi i tyre ndaj jush do t\u00eb jet\u00eb i ashp\u00ebr, pasi nuk u ka mbetur asgj\u00eb tjet\u00ebr vet\u00ebm ose ta braktisin komplet vendin e tyre e cila baz\u00eb ka emigracionin masiv kryesisht t\u00eb rinj\u00eb q\u00eb \u00e7do dit\u00eb mbushin gomonet n\u00eb Franc\u00eb p\u00ebr t\u00eb shkuar n\u00eb Angli, si dhe n\u00eb zyrat e t\u00eb huajve p\u00ebr t\u00eb k\u00ebrkuar azil n\u00eb Gjermani, Zvic\u00ebr, Belgjik\u00eb etj ose t\u00eb bashkohen me Gjakov\u00ebn, pasi nga ju ata jan\u00eb t\u00eb harruar!<\/p>\n<p>[] Thirrja ime shkon edhe p\u00ebr ata t\u00eb em\u00ebruar nga Rilindja q\u00eb sot drejtojn\u00eb rrethin e Tropoj\u00ebs t\u00eb cil\u00ebt jan\u00eb b\u00ebr\u00eb pal\u00eb me ata q\u00eb nga Tirana dirigjojn\u00eb planet e shpopullimit dhe hakmarrjes politike ndaj banor\u00ebve fisnik t\u00eb Mal\u00ebsis\u00eb Gjakov\u00ebs, duke mos b\u00ebr\u00eb asnj\u00eb reagim p\u00ebr k\u00ebto veprime arbitrare, n\u00eb d\u00ebm t\u00eb interesave t\u00eb qytetar\u00ebve.<\/p>\n<p>[] Ajo q\u00eb ne u garantojm\u00eb banor\u00ebve t\u00eb Tropoj\u00ebs \u00ebsht\u00eb se me ardhjen e PD n\u00eb qeverisjen e vendit t\u00eb gjitha sh\u00ebrbimet e transferuara jasht Tropoj\u00ebs do t\u2019u kthehen aty ku kan\u00eb qen\u00eb historikisht.<\/p>\n<p>Faleminderit !<\/p>\n","protected":false},"excerpt":{"rendered":"<p>Fjala e deputetit Isuf \u00c7elaj n\u00eb Kuvend E nderuara drejtuese e senac\u00ebs, T\u00eb nderuar qytetr\u00eb t\u00eb Tropoj\u00ebs, Hasit e Kuk\u00ebsit, T\u00eb nderuar koleg, [] Si p\u00ebrfaq\u00ebsues i banor\u00ebve t\u00eb qarkut m\u00eb t\u00eb varf\u00ebr t\u00eb Shqip\u00ebris\u00eb t\u00eb cil\u00ebt ndjehen t\u00eb harruar dhe t\u00eb diskriminuar nga kjo qeveri n\u00eb k\u00ebto 9 vite p\u00ebr t\u00eb vetmen arsye se [&hellip;]<\/p>\n","protected":false},"author":2,"featured_media":18115,"comment_status":"open","ping_status":"open","sticky":false,"template":"","format":"standard","meta":{"footnotes":""},"categories":[9],"tags":[27],"class_list":{"0":"post-18114","1":"post","2":"type-post","3":"status-publish","4":"format-standard","5":"has-post-thumbnail","7":"category-politika","8":"tag-lajme"},"_links":{"self":[{"href":"https:\/\/neutrale.al\/index.php\/wp-json\/wp\/v2\/posts\/18114","targetHints":{"allow":["GET"]}}],"collection":[{"href":"https:\/\/neutrale.al\/index.php\/wp-json\/wp\/v2\/posts"}],"about":[{"href":"https:\/\/neutrale.al\/index.php\/wp-json\/wp\/v2\/types\/post"}],"author":[{"embeddable":true,"href":"https:\/\/neutrale.al\/index.php\/wp-json\/wp\/v2\/users\/2"}],"replies":[{"embeddable":true,"href":"https:\/\/neutrale.al\/index.php\/wp-json\/wp\/v2\/comments?post=18114"}],"version-history":[{"count":1,"href":"https:\/\/neutrale.al\/index.php\/wp-json\/wp\/v2\/posts\/18114\/revisions"}],"predecessor-version":[{"id":18116,"href":"https:\/\/neutrale.al\/index.php\/wp-json\/wp\/v2\/posts\/18114\/revisions\/18116"}],"wp:featuredmedia":[{"embeddable":true,"href":"https:\/\/neutrale.al\/index.php\/wp-json\/wp\/v2\/media\/18115"}],"wp:attachment":[{"href":"https:\/\/neutrale.al\/index.php\/wp-json\/wp\/v2\/media?parent=18114"}],"wp:term":[{"taxonomy":"category","embeddable":true,"href":"https:\/\/neutrale.al\/index.php\/wp-json\/wp\/v2\/categories?post=18114"},{"taxonomy":"post_tag","embeddable":true,"href":"https:\/\/neutrale.al\/index.php\/wp-json\/wp\/v2\/tags?post=18114"}],"curies":[{"name":"wp","href":"https:\/\/api.w.org\/{rel}","templated":true}]}}