{"id":18108,"date":"2022-09-09T09:24:20","date_gmt":"2022-09-09T09:24:20","guid":{"rendered":"https:\/\/neutrale.al\/?p=18108"},"modified":"2022-09-09T09:24:20","modified_gmt":"2022-09-09T09:24:20","slug":"berisha-kryengritja-e-postribes-kryengritja-e-pare-antikomuniste-ne-shqiperi-dhe-europe","status":"publish","type":"post","link":"https:\/\/neutrale.al\/index.php\/2022\/09\/09\/berisha-kryengritja-e-postribes-kryengritja-e-pare-antikomuniste-ne-shqiperi-dhe-europe\/","title":{"rendered":"Berisha: Kryengritja e Postrib\u00ebs, kryengritja e par\u00eb antikomuniste n\u00eb Shqip\u00ebri dhe Europ\u00eb"},"content":{"rendered":"<p>Berisha: Kryengritja e Postrib\u00ebs, ishte kryengritja e par\u00eb antikomuniste n\u00eb Shqip\u00ebri dhe Europ\u00eb. Kryengritje p\u00ebr liri, p\u00ebr flamur komb\u00ebtar e atdhetar\u00ebve dhe patriot\u00ebve.<\/p>\n<p>\u00cbsht\u00eb nj\u00eb nder i madh p\u00ebr mua t\u2019u p\u00ebrsh\u00ebndes p\u00ebrzem\u00ebrsisht, t\u00eb p\u00ebrulem me nderimin m\u00eb t\u00eb thell\u00eb, mir\u00ebnjohjen m\u00eb t\u00eb pakufishme p\u00ebrpara luft\u00ebtar\u00ebve t\u00eb liris\u00eb t\u00eb Postrib\u00ebs dhe Shkodr\u00ebs, q\u00eb 76 vjet m\u00eb par\u00eb vendos\u00ebn t\u2019i p\u00ebrgjigjen me rezistenc\u00eb t\u00eb armatosur, me kryengritje, nj\u00eb pushtimi barbar q\u00eb do instalohej n\u00eb Shqip\u00ebri m\u00eb 28 n\u00ebntor 1944.<\/p>\n<p>Ky pushtim p\u00ebr shqiptar\u00ebt ishte i dyfisht\u00eb n\u00eb ato vite. Ishte pushtim i vendosjes s\u00eb diktatur\u00ebs komuniste t\u00eb Enver Hoxh\u00ebs. Dhe un\u00eb u rikujtoj ju k\u00ebtu, u rikujtoj shqiptar\u00ebve se vras\u00ebsi seria q\u00eb komandoi hordhit\u00eb partizane n\u00eb Shkod\u00ebr dhe veri, Mehmet Shehu, do i shkruante Enver Hoxh\u00ebs: se n\u00eb kufirin ushtarak, Shkodr\u00ebn e vendos\u00ebm n\u00ebn pushtim. Ai thot\u00eb nj\u00eb t\u00eb v\u00ebrtet\u00eb t\u00eb pamohueshme. T\u00eb till\u00eb, pushtim e konsideruan qytetar\u00ebt e Shkodr\u00ebs, banor\u00ebt e Postrib\u00ebs dhe veriut n\u00eb t\u00ebr\u00ebsi.<\/p>\n<p>Krahas k\u00ebtij pushtimi, Shkodra dhe Shqip\u00ebria ishin n\u00eb nj\u00eb pushtim t\u00eb dyt\u00eb. At Zef P\u00ebllumbi p\u00ebrshkruan 28 n\u00ebntorin me nd\u00ebrrimin e simboleve. U hoq flamuri komb\u00ebtar dhe u vendos flamuri jugosllav. E v\u00ebrteta \u00ebsht\u00eb se n\u00eb Shkod\u00ebr u vendos\u00ebn zyrat e sh\u00ebrbimit fam\u00ebkeq jugosllav, q\u00eb grabiste dhe zhdukte nacionalist\u00ebt e Shkodr\u00ebs dhe t\u00eb veriut, i bindur se ata nuk do t\u00eb pranonin pushtimin serb, barbar t\u00eb Shqip\u00ebris\u00eb.<\/p>\n<p>N\u00eb k\u00ebt\u00eb kontekst, kryengritja e Postrib\u00ebs, si kryengritja e par\u00eb antikomuniste n\u00eb Shqip\u00ebri dhe Europ\u00eb, ishte kryengritje p\u00ebr liri, ishte kryengritje p\u00ebr flamur komb\u00ebtar, kryengritje e atdhetar\u00ebve dhe patriot\u00ebve q\u00eb donin nj\u00eb Shqip\u00ebri t\u00eb lir\u00eb nga diktatura komuniste dhe padron\u00ebt e tyre jugosllav\u00eb.<\/p>\n<p>Kan\u00eb kaluar 76 vite, sot ne nderojm\u00eb vepr\u00ebn heroike t\u00eb burrave dhe grave t\u00eb Postrib\u00ebs 76 vite m\u00eb par\u00eb, shum\u00eb prej t\u00eb cil\u00ebve, u ekzekutuan me gjyqe dhe pa gjyqe p\u00ebr fajin e vet\u00ebm se po luftonin p\u00ebr liri. Fshatra t\u00eb tjera u dogj\u00ebn, mbi 1 mij\u00eb banor\u00eb u internuan n\u00eb kampet m\u00eb t\u00eb egra t\u00eb regjimit.<\/p>\n","protected":false},"excerpt":{"rendered":"<p>Berisha: Kryengritja e Postrib\u00ebs, ishte kryengritja e par\u00eb antikomuniste n\u00eb Shqip\u00ebri dhe Europ\u00eb. Kryengritje p\u00ebr liri, p\u00ebr flamur komb\u00ebtar e atdhetar\u00ebve dhe patriot\u00ebve. \u00cbsht\u00eb nj\u00eb nder i madh p\u00ebr mua t\u2019u p\u00ebrsh\u00ebndes p\u00ebrzem\u00ebrsisht, t\u00eb p\u00ebrulem me nderimin m\u00eb t\u00eb thell\u00eb, mir\u00ebnjohjen m\u00eb t\u00eb pakufishme p\u00ebrpara luft\u00ebtar\u00ebve t\u00eb liris\u00eb t\u00eb Postrib\u00ebs dhe Shkodr\u00ebs, q\u00eb 76 vjet [&hellip;]<\/p>\n","protected":false},"author":2,"featured_media":18109,"comment_status":"open","ping_status":"open","sticky":false,"template":"","format":"standard","meta":{"footnotes":""},"categories":[9],"tags":[27],"class_list":{"0":"post-18108","1":"post","2":"type-post","3":"status-publish","4":"format-standard","5":"has-post-thumbnail","7":"category-politika","8":"tag-lajme"},"_links":{"self":[{"href":"https:\/\/neutrale.al\/index.php\/wp-json\/wp\/v2\/posts\/18108","targetHints":{"allow":["GET"]}}],"collection":[{"href":"https:\/\/neutrale.al\/index.php\/wp-json\/wp\/v2\/posts"}],"about":[{"href":"https:\/\/neutrale.al\/index.php\/wp-json\/wp\/v2\/types\/post"}],"author":[{"embeddable":true,"href":"https:\/\/neutrale.al\/index.php\/wp-json\/wp\/v2\/users\/2"}],"replies":[{"embeddable":true,"href":"https:\/\/neutrale.al\/index.php\/wp-json\/wp\/v2\/comments?post=18108"}],"version-history":[{"count":1,"href":"https:\/\/neutrale.al\/index.php\/wp-json\/wp\/v2\/posts\/18108\/revisions"}],"predecessor-version":[{"id":18110,"href":"https:\/\/neutrale.al\/index.php\/wp-json\/wp\/v2\/posts\/18108\/revisions\/18110"}],"wp:featuredmedia":[{"embeddable":true,"href":"https:\/\/neutrale.al\/index.php\/wp-json\/wp\/v2\/media\/18109"}],"wp:attachment":[{"href":"https:\/\/neutrale.al\/index.php\/wp-json\/wp\/v2\/media?parent=18108"}],"wp:term":[{"taxonomy":"category","embeddable":true,"href":"https:\/\/neutrale.al\/index.php\/wp-json\/wp\/v2\/categories?post=18108"},{"taxonomy":"post_tag","embeddable":true,"href":"https:\/\/neutrale.al\/index.php\/wp-json\/wp\/v2\/tags?post=18108"}],"curies":[{"name":"wp","href":"https:\/\/api.w.org\/{rel}","templated":true}]}}