{"id":18099,"date":"2022-09-09T09:20:57","date_gmt":"2022-09-09T09:20:57","guid":{"rendered":"https:\/\/neutrale.al\/?p=18099"},"modified":"2022-09-09T09:20:57","modified_gmt":"2022-09-09T09:20:57","slug":"meta-shqiperia-vendi-me-papunesine-me-te-larte-ne-evrope","status":"publish","type":"post","link":"https:\/\/neutrale.al\/index.php\/2022\/09\/09\/meta-shqiperia-vendi-me-papunesine-me-te-larte-ne-evrope\/","title":{"rendered":"Meta: Shqip\u00ebria, vendi me papun\u00ebsin\u00eb m\u00eb t\u00eb lart\u00eb n\u00eb Evrop\u00eb !"},"content":{"rendered":"<p>K\u00ebshtu shkruan kreu i PL-s\u00eb Ilir Meta n\u00eb rrjetet sociale.<\/p>\n<p>Ja postimi:<\/p>\n<p>Shqip\u00ebria \u00ebsht\u00eb vendi me papun\u00ebsin\u00eb m\u00eb t\u00eb lart\u00eb t\u00eb t\u00eb rinjve n\u00eb Europ\u00eb.<br \/>\nSipas Organizat\u00ebs p\u00ebr Bashk\u00ebpunim dhe Zhvillim Ekonomik, 79% e t\u00eb rinjve dhe qytetar\u00ebve shqiptar\u00eb largohen nga vendi p\u00ebr shkak t\u00eb pagave t\u00eb ulta.<br \/>\nTirana \u00ebsht\u00eb nd\u00ebr tre kryeqytetet me \u00e7mimet m\u00eb t\u00eb larta n\u00eb Europ\u00eb p\u00ebr blerjen e apartamenteve, duke penalizuar m\u00eb s\u00eb shumti \u00e7iftet e reja dhe duke ua b\u00ebr\u00eb t\u00eb pamundur t\u00eb rinjve nd\u00ebrtimin e familjes dhe t\u00eb ardhmes s\u00eb tyre n\u00eb Shqip\u00ebri.<br \/>\nNd\u00ebrsa Qeveria \u00ebsht\u00eb kthyer n\u00eb asfiksuese e s\u00eb ardhmes s\u00eb t\u00eb rinjve, rikthimi i shpres\u00ebs dhe mbrojtja e familjes dhe vendit nga shpopullimi \u00ebsht\u00eb kthyer n\u00eb nj\u00eb mision mbar\u00ebkomb\u00ebtar, p\u00ebr t\u00eb cilin nuk do t\u00eb ndalemi n\u00eb asnj\u00eb moment.<\/p>\n","protected":false},"excerpt":{"rendered":"<p>K\u00ebshtu shkruan kreu i PL-s\u00eb Ilir Meta n\u00eb rrjetet sociale. Ja postimi: Shqip\u00ebria \u00ebsht\u00eb vendi me papun\u00ebsin\u00eb m\u00eb t\u00eb lart\u00eb t\u00eb t\u00eb rinjve n\u00eb Europ\u00eb. Sipas Organizat\u00ebs p\u00ebr Bashk\u00ebpunim dhe Zhvillim Ekonomik, 79% e t\u00eb rinjve dhe qytetar\u00ebve shqiptar\u00eb largohen nga vendi p\u00ebr shkak t\u00eb pagave t\u00eb ulta. Tirana \u00ebsht\u00eb nd\u00ebr tre kryeqytetet me \u00e7mimet [&hellip;]<\/p>\n","protected":false},"author":2,"featured_media":18100,"comment_status":"open","ping_status":"open","sticky":false,"template":"","format":"standard","meta":{"footnotes":""},"categories":[118,9],"tags":[],"class_list":{"0":"post-18099","1":"post","2":"type-post","3":"status-publish","4":"format-standard","5":"has-post-thumbnail","7":"category-kryesore","8":"category-politika"},"_links":{"self":[{"href":"https:\/\/neutrale.al\/index.php\/wp-json\/wp\/v2\/posts\/18099","targetHints":{"allow":["GET"]}}],"collection":[{"href":"https:\/\/neutrale.al\/index.php\/wp-json\/wp\/v2\/posts"}],"about":[{"href":"https:\/\/neutrale.al\/index.php\/wp-json\/wp\/v2\/types\/post"}],"author":[{"embeddable":true,"href":"https:\/\/neutrale.al\/index.php\/wp-json\/wp\/v2\/users\/2"}],"replies":[{"embeddable":true,"href":"https:\/\/neutrale.al\/index.php\/wp-json\/wp\/v2\/comments?post=18099"}],"version-history":[{"count":1,"href":"https:\/\/neutrale.al\/index.php\/wp-json\/wp\/v2\/posts\/18099\/revisions"}],"predecessor-version":[{"id":18101,"href":"https:\/\/neutrale.al\/index.php\/wp-json\/wp\/v2\/posts\/18099\/revisions\/18101"}],"wp:featuredmedia":[{"embeddable":true,"href":"https:\/\/neutrale.al\/index.php\/wp-json\/wp\/v2\/media\/18100"}],"wp:attachment":[{"href":"https:\/\/neutrale.al\/index.php\/wp-json\/wp\/v2\/media?parent=18099"}],"wp:term":[{"taxonomy":"category","embeddable":true,"href":"https:\/\/neutrale.al\/index.php\/wp-json\/wp\/v2\/categories?post=18099"},{"taxonomy":"post_tag","embeddable":true,"href":"https:\/\/neutrale.al\/index.php\/wp-json\/wp\/v2\/tags?post=18099"}],"curies":[{"name":"wp","href":"https:\/\/api.w.org\/{rel}","templated":true}]}}