{"id":17974,"date":"2022-09-08T11:47:55","date_gmt":"2022-09-08T11:47:55","guid":{"rendered":"https:\/\/neutrale.al\/?p=17974"},"modified":"2022-09-08T11:47:55","modified_gmt":"2022-09-08T11:47:55","slug":"balla-nuk-sqaron-burimin-e-informacionit-berisha-non-grata-edhe-nga-be","status":"publish","type":"post","link":"https:\/\/neutrale.al\/index.php\/2022\/09\/08\/balla-nuk-sqaron-burimin-e-informacionit-berisha-non-grata-edhe-nga-be\/","title":{"rendered":"Balla nuk sqaron burimin e informacionit\/Berisha \u201cnon grata\u201d edhe nga BE"},"content":{"rendered":"<p>Kreu i Grupit Parlamentar t\u00eb PS-s\u00eb, Taulant Balla, sot n\u00eb parlament deklaroi, se Berisha jo shum\u00eb von\u00eb do t\u00eb shpallet non grata edhe nga BE. <\/p>\n<p>Ai nuk sqaroi se nga e kishte k\u00ebt\u00eb informacion, por u mor edhe me \u00e7\u00ebshtje familjare t\u00eb Berish\u00ebs. <\/p>\n<p>&#8220;\u00cbsht\u00eb p\u00ebr turpin e k\u00ebtij kuvendi q\u00eb nj\u00eb \u201cnon grata\u201d t\u00eb shpallur nga SHBA, dhe Britania e Madhe dhe mos u habisni edhe nga BE jo von\u00eb, vijon t\u00eb livadhisi i qet\u00eb.<br \/>\nAi p\u00ebrbetim q\u00eb opozita do t\u00eb b\u00ebj\u00eb namin, mesa duket vet\u00ebm dasma \u00ebsht\u00eb lajmi i madh i k\u00ebsaj.\u201d tha Balla.<\/p>\n","protected":false},"excerpt":{"rendered":"<p>Kreu i Grupit Parlamentar t\u00eb PS-s\u00eb, Taulant Balla, sot n\u00eb parlament deklaroi, se Berisha jo shum\u00eb von\u00eb do t\u00eb shpallet non grata edhe nga BE. Ai nuk sqaroi se nga e kishte k\u00ebt\u00eb informacion, por u mor edhe me \u00e7\u00ebshtje familjare t\u00eb Berish\u00ebs. &#8220;\u00cbsht\u00eb p\u00ebr turpin e k\u00ebtij kuvendi q\u00eb nj\u00eb \u201cnon grata\u201d t\u00eb shpallur [&hellip;]<\/p>\n","protected":false},"author":2,"featured_media":17975,"comment_status":"open","ping_status":"open","sticky":false,"template":"","format":"standard","meta":{"footnotes":""},"categories":[118,9],"tags":[],"class_list":{"0":"post-17974","1":"post","2":"type-post","3":"status-publish","4":"format-standard","5":"has-post-thumbnail","7":"category-kryesore","8":"category-politika"},"_links":{"self":[{"href":"https:\/\/neutrale.al\/index.php\/wp-json\/wp\/v2\/posts\/17974","targetHints":{"allow":["GET"]}}],"collection":[{"href":"https:\/\/neutrale.al\/index.php\/wp-json\/wp\/v2\/posts"}],"about":[{"href":"https:\/\/neutrale.al\/index.php\/wp-json\/wp\/v2\/types\/post"}],"author":[{"embeddable":true,"href":"https:\/\/neutrale.al\/index.php\/wp-json\/wp\/v2\/users\/2"}],"replies":[{"embeddable":true,"href":"https:\/\/neutrale.al\/index.php\/wp-json\/wp\/v2\/comments?post=17974"}],"version-history":[{"count":1,"href":"https:\/\/neutrale.al\/index.php\/wp-json\/wp\/v2\/posts\/17974\/revisions"}],"predecessor-version":[{"id":17976,"href":"https:\/\/neutrale.al\/index.php\/wp-json\/wp\/v2\/posts\/17974\/revisions\/17976"}],"wp:featuredmedia":[{"embeddable":true,"href":"https:\/\/neutrale.al\/index.php\/wp-json\/wp\/v2\/media\/17975"}],"wp:attachment":[{"href":"https:\/\/neutrale.al\/index.php\/wp-json\/wp\/v2\/media?parent=17974"}],"wp:term":[{"taxonomy":"category","embeddable":true,"href":"https:\/\/neutrale.al\/index.php\/wp-json\/wp\/v2\/categories?post=17974"},{"taxonomy":"post_tag","embeddable":true,"href":"https:\/\/neutrale.al\/index.php\/wp-json\/wp\/v2\/tags?post=17974"}],"curies":[{"name":"wp","href":"https:\/\/api.w.org\/{rel}","templated":true}]}}