{"id":17658,"date":"2022-09-06T16:56:09","date_gmt":"2022-09-06T16:56:09","guid":{"rendered":"https:\/\/neutrale.al\/?p=17658"},"modified":"2022-09-06T16:56:09","modified_gmt":"2022-09-06T16:56:09","slug":"meta-takim-me-organizaten-e-grave-te-pl-se-rrezikohet-familja-shqiptare-po-ikin-te-rinjte","status":"publish","type":"post","link":"https:\/\/neutrale.al\/index.php\/2022\/09\/06\/meta-takim-me-organizaten-e-grave-te-pl-se-rrezikohet-familja-shqiptare-po-ikin-te-rinjte\/","title":{"rendered":"Meta takim me organizat\u00ebn e grave t\u00eb PL-s\u00eb: Rrezikohet familja shqiptare, po ikin t\u00eb rinjt\u00eb."},"content":{"rendered":"<p>Kreu i Partis\u00eb s\u00eb Liris\u00eb po vazhdon takimin me strukturat e organizat\u00ebs s\u00eb gruas n\u00eb Tiran\u00eb. <\/p>\n<p>N\u00eb fjal\u00ebn e tij ai \u00ebsht\u00eb shprehur: <\/p>\n<p>Vendi \u00ebsht\u00eb n\u00eb nj\u00eb situat\u00eb dramatike. <\/p>\n<p>Rrezikojm\u00eb t\u00eb shp\u00ebrb\u00ebhemi si komb e si shtet nga largimi i t\u00eb rinjve. <\/p>\n<p>\u00cbsht\u00eb e k\u00ebrc\u00ebnuar vet\u00eb familja shqiptare. <\/p>\n<p>Do mobilizohemi q\u00eb kriza t\u00eb marr\u00eb fund sa m\u00eb par\u00eb. <\/p>\n<p>Ka vite q\u00eb nuk rriten rrogat dhe pensionet. <\/p>\n<p>N\u00eb Kosov\u00eb qeveria ndihmon familjet dhe mb\u00ebshtet bizneset. Pse nuk ndodh n\u00eb Shqip\u00ebri kjo gj\u00eb ? Sepse kjo \u00ebsht\u00eb nj\u00eb qeveri zhvat\u00ebse. <\/p>\n<p>Kjo \u00ebsht\u00eb qeveri e bandave dhe detyrimet i ka dhe i ndjen vet\u00ebm ndaj bandave. <\/p>\n<p>Takimi vazhdon&#8230;<\/p>\n","protected":false},"excerpt":{"rendered":"<p>Kreu i Partis\u00eb s\u00eb Liris\u00eb po vazhdon takimin me strukturat e organizat\u00ebs s\u00eb gruas n\u00eb Tiran\u00eb. N\u00eb fjal\u00ebn e tij ai \u00ebsht\u00eb shprehur: Vendi \u00ebsht\u00eb n\u00eb nj\u00eb situat\u00eb dramatike. Rrezikojm\u00eb t\u00eb shp\u00ebrb\u00ebhemi si komb e si shtet nga largimi i t\u00eb rinjve. \u00cbsht\u00eb e k\u00ebrc\u00ebnuar vet\u00eb familja shqiptare. Do mobilizohemi q\u00eb kriza t\u00eb marr\u00eb fund [&hellip;]<\/p>\n","protected":false},"author":2,"featured_media":17659,"comment_status":"open","ping_status":"open","sticky":false,"template":"","format":"standard","meta":{"footnotes":""},"categories":[9],"tags":[27],"class_list":{"0":"post-17658","1":"post","2":"type-post","3":"status-publish","4":"format-standard","5":"has-post-thumbnail","7":"category-politika","8":"tag-lajme"},"_links":{"self":[{"href":"https:\/\/neutrale.al\/index.php\/wp-json\/wp\/v2\/posts\/17658","targetHints":{"allow":["GET"]}}],"collection":[{"href":"https:\/\/neutrale.al\/index.php\/wp-json\/wp\/v2\/posts"}],"about":[{"href":"https:\/\/neutrale.al\/index.php\/wp-json\/wp\/v2\/types\/post"}],"author":[{"embeddable":true,"href":"https:\/\/neutrale.al\/index.php\/wp-json\/wp\/v2\/users\/2"}],"replies":[{"embeddable":true,"href":"https:\/\/neutrale.al\/index.php\/wp-json\/wp\/v2\/comments?post=17658"}],"version-history":[{"count":1,"href":"https:\/\/neutrale.al\/index.php\/wp-json\/wp\/v2\/posts\/17658\/revisions"}],"predecessor-version":[{"id":17660,"href":"https:\/\/neutrale.al\/index.php\/wp-json\/wp\/v2\/posts\/17658\/revisions\/17660"}],"wp:featuredmedia":[{"embeddable":true,"href":"https:\/\/neutrale.al\/index.php\/wp-json\/wp\/v2\/media\/17659"}],"wp:attachment":[{"href":"https:\/\/neutrale.al\/index.php\/wp-json\/wp\/v2\/media?parent=17658"}],"wp:term":[{"taxonomy":"category","embeddable":true,"href":"https:\/\/neutrale.al\/index.php\/wp-json\/wp\/v2\/categories?post=17658"},{"taxonomy":"post_tag","embeddable":true,"href":"https:\/\/neutrale.al\/index.php\/wp-json\/wp\/v2\/tags?post=17658"}],"curies":[{"name":"wp","href":"https:\/\/api.w.org\/{rel}","templated":true}]}}