{"id":17482,"date":"2022-09-05T17:18:36","date_gmt":"2022-09-05T17:18:36","guid":{"rendered":"https:\/\/neutrale.al\/?p=17482"},"modified":"2022-09-05T17:18:36","modified_gmt":"2022-09-05T17:18:36","slug":"balla-komision-per-rolin-e-kuvendit-ne-procesin-e-anetaresimit-ne-be","status":"publish","type":"post","link":"https:\/\/neutrale.al\/index.php\/2022\/09\/05\/balla-komision-per-rolin-e-kuvendit-ne-procesin-e-anetaresimit-ne-be\/","title":{"rendered":"Balla: Komision p\u00ebr rolin e Kuvendit n\u00eb procesin e an\u00ebtar\u00ebsimit n\u00eb BE."},"content":{"rendered":"<p>Kreu i grupit parlamentar socialist, Taulant Balla tha n\u00eb fjal\u00ebn e tij, n\u00eb nisje t\u00eb sesionit parlamentar se nj\u00eb komision i posa\u00e7\u00ebm \u00ebsht\u00eb dakord\u00ebsuar n\u00eb konferenc\u00ebn e kryetar\u00ebve, n\u00eb lidhje me rolin e Kuvendit n\u00eb procesin e an\u00ebtar\u00ebsimit n\u00eb BE. <\/p>\n<p>&#8220;Kuvendi nuk do t\u00eb mbetet mbrapa sa i p\u00ebrket rolit q\u00eb ka n\u00eb \u00e7eljen e negociatave. Kuvendi ka rolin udh\u00ebheq\u00ebs n\u00eb k\u00ebt\u00eb proces, t\u00eb jet\u00eb e qart\u00eb edhe p\u00ebr qeverin\u00eb. <\/p>\n<p>Kemi dakord\u00ebsuar ngritjen e nj\u00eb komisioni t\u00eb posa\u00e7\u00ebm p\u00ebr t\u00eb ndryshuar rolin e kuvendit t\u00eb Shqip\u00ebris\u00eb. Do jet\u00eb komision me mandat shum\u00eb t\u00eb shkurt\u00ebr p\u00ebr t\u00eb p\u00ebrqasur rolin n\u00eb k\u00ebt\u00eb proces t\u00eb ri. Komisioni i posa\u00e7\u00ebm duhet miratuar&#8221;<\/p>\n","protected":false},"excerpt":{"rendered":"<p>Kreu i grupit parlamentar socialist, Taulant Balla tha n\u00eb fjal\u00ebn e tij, n\u00eb nisje t\u00eb sesionit parlamentar se nj\u00eb komision i posa\u00e7\u00ebm \u00ebsht\u00eb dakord\u00ebsuar n\u00eb konferenc\u00ebn e kryetar\u00ebve, n\u00eb lidhje me rolin e Kuvendit n\u00eb procesin e an\u00ebtar\u00ebsimit n\u00eb BE. &#8220;Kuvendi nuk do t\u00eb mbetet mbrapa sa i p\u00ebrket rolit q\u00eb ka n\u00eb \u00e7eljen e [&hellip;]<\/p>\n","protected":false},"author":2,"featured_media":17483,"comment_status":"open","ping_status":"open","sticky":false,"template":"","format":"standard","meta":{"footnotes":""},"categories":[118,9],"tags":[],"class_list":{"0":"post-17482","1":"post","2":"type-post","3":"status-publish","4":"format-standard","5":"has-post-thumbnail","7":"category-kryesore","8":"category-politika"},"_links":{"self":[{"href":"https:\/\/neutrale.al\/index.php\/wp-json\/wp\/v2\/posts\/17482","targetHints":{"allow":["GET"]}}],"collection":[{"href":"https:\/\/neutrale.al\/index.php\/wp-json\/wp\/v2\/posts"}],"about":[{"href":"https:\/\/neutrale.al\/index.php\/wp-json\/wp\/v2\/types\/post"}],"author":[{"embeddable":true,"href":"https:\/\/neutrale.al\/index.php\/wp-json\/wp\/v2\/users\/2"}],"replies":[{"embeddable":true,"href":"https:\/\/neutrale.al\/index.php\/wp-json\/wp\/v2\/comments?post=17482"}],"version-history":[{"count":1,"href":"https:\/\/neutrale.al\/index.php\/wp-json\/wp\/v2\/posts\/17482\/revisions"}],"predecessor-version":[{"id":17484,"href":"https:\/\/neutrale.al\/index.php\/wp-json\/wp\/v2\/posts\/17482\/revisions\/17484"}],"wp:featuredmedia":[{"embeddable":true,"href":"https:\/\/neutrale.al\/index.php\/wp-json\/wp\/v2\/media\/17483"}],"wp:attachment":[{"href":"https:\/\/neutrale.al\/index.php\/wp-json\/wp\/v2\/media?parent=17482"}],"wp:term":[{"taxonomy":"category","embeddable":true,"href":"https:\/\/neutrale.al\/index.php\/wp-json\/wp\/v2\/categories?post=17482"},{"taxonomy":"post_tag","embeddable":true,"href":"https:\/\/neutrale.al\/index.php\/wp-json\/wp\/v2\/tags?post=17482"}],"curies":[{"name":"wp","href":"https:\/\/api.w.org\/{rel}","templated":true}]}}