{"id":17137,"date":"2022-09-04T08:24:51","date_gmt":"2022-09-04T08:24:51","guid":{"rendered":"https:\/\/neutrale.al\/?p=17137"},"modified":"2022-09-04T08:24:51","modified_gmt":"2022-09-04T08:24:51","slug":"rita-ora-ne-tirane","status":"publish","type":"post","link":"https:\/\/neutrale.al\/index.php\/2022\/09\/04\/rita-ora-ne-tirane\/","title":{"rendered":"Rita Ora n\u00eb Tiran\u00eb"},"content":{"rendered":"<p>Rita Ora do t\u00eb jet\u00eb n\u00eb Tiran\u00eb m\u00eb 6 shtator.<br \/>\nK\u00ebng\u00ebtarja me fam\u00eb nd\u00ebrkomb\u00ebtare do t\u00eb k\u00ebndoj\u00eb n\u00eb sheshin \u201cSk\u00ebnderbej\u201d ku dhe ka nisur puna p\u00ebr ngritjen e sken\u00ebs <\/p>\n<p>Koncerti k\u00ebt\u00eb radh\u00eb do t\u00eb jet\u00eb falas.<br \/>\nKrah Rita Or\u00ebs do t\u00eb performojn\u00eb edhe k\u00ebng\u00ebtar\u00eb t\u00eb tjer\u00eb shqiptar\u00eb si Ronela Hajati dhe Kida. <\/p>\n<p>Koncerti do t\u00eb startoj\u00eb n\u00eb or\u00ebn 20:00.\u00a0<\/p>\n","protected":false},"excerpt":{"rendered":"<p>Rita Ora do t\u00eb jet\u00eb n\u00eb Tiran\u00eb m\u00eb 6 shtator. K\u00ebng\u00ebtarja me fam\u00eb nd\u00ebrkomb\u00ebtare do t\u00eb k\u00ebndoj\u00eb n\u00eb sheshin \u201cSk\u00ebnderbej\u201d ku dhe ka nisur puna p\u00ebr ngritjen e sken\u00ebs Koncerti k\u00ebt\u00eb radh\u00eb do t\u00eb jet\u00eb falas. Krah Rita Or\u00ebs do t\u00eb performojn\u00eb edhe k\u00ebng\u00ebtar\u00eb t\u00eb tjer\u00eb shqiptar\u00eb si Ronela Hajati dhe Kida. Koncerti do t\u00eb [&hellip;]<\/p>\n","protected":false},"author":2,"featured_media":17138,"comment_status":"open","ping_status":"open","sticky":false,"template":"","format":"standard","meta":{"footnotes":""},"categories":[122],"tags":[],"class_list":{"0":"post-17137","1":"post","2":"type-post","3":"status-publish","4":"format-standard","5":"has-post-thumbnail","7":"category-showbizz"},"_links":{"self":[{"href":"https:\/\/neutrale.al\/index.php\/wp-json\/wp\/v2\/posts\/17137","targetHints":{"allow":["GET"]}}],"collection":[{"href":"https:\/\/neutrale.al\/index.php\/wp-json\/wp\/v2\/posts"}],"about":[{"href":"https:\/\/neutrale.al\/index.php\/wp-json\/wp\/v2\/types\/post"}],"author":[{"embeddable":true,"href":"https:\/\/neutrale.al\/index.php\/wp-json\/wp\/v2\/users\/2"}],"replies":[{"embeddable":true,"href":"https:\/\/neutrale.al\/index.php\/wp-json\/wp\/v2\/comments?post=17137"}],"version-history":[{"count":1,"href":"https:\/\/neutrale.al\/index.php\/wp-json\/wp\/v2\/posts\/17137\/revisions"}],"predecessor-version":[{"id":17139,"href":"https:\/\/neutrale.al\/index.php\/wp-json\/wp\/v2\/posts\/17137\/revisions\/17139"}],"wp:featuredmedia":[{"embeddable":true,"href":"https:\/\/neutrale.al\/index.php\/wp-json\/wp\/v2\/media\/17138"}],"wp:attachment":[{"href":"https:\/\/neutrale.al\/index.php\/wp-json\/wp\/v2\/media?parent=17137"}],"wp:term":[{"taxonomy":"category","embeddable":true,"href":"https:\/\/neutrale.al\/index.php\/wp-json\/wp\/v2\/categories?post=17137"},{"taxonomy":"post_tag","embeddable":true,"href":"https:\/\/neutrale.al\/index.php\/wp-json\/wp\/v2\/tags?post=17137"}],"curies":[{"name":"wp","href":"https:\/\/api.w.org\/{rel}","templated":true}]}}