{"id":16902,"date":"2022-09-02T18:48:59","date_gmt":"2022-09-02T18:48:59","guid":{"rendered":"https:\/\/neutrale.al\/?p=16902"},"modified":"2022-09-02T18:48:59","modified_gmt":"2022-09-02T18:48:59","slug":"te-henen-dt-5-shtator-fillon-sesioni-i-dyte-parlamentar","status":"publish","type":"post","link":"https:\/\/neutrale.al\/index.php\/2022\/09\/02\/te-henen-dt-5-shtator-fillon-sesioni-i-dyte-parlamentar\/","title":{"rendered":"T\u00eb h\u00ebn\u00ebn, dt 5 shtator, fillon sesioni i dyt\u00eb parlamentar."},"content":{"rendered":"<p>Kuvendi i Shqip\u00ebris\u00eb i zhvillon punimet vjetore n\u00eb dy sesione. <\/p>\n<p>Sesioni i par\u00eb fillon t\u00eb h\u00ebn\u00ebn e tret\u00eb t\u00eb janarit, nd\u00ebrsa sesioni i dyt\u00eb fillon t\u00eb h\u00ebn\u00ebn e par\u00eb t\u00eb shtatorit.<\/p>\n","protected":false},"excerpt":{"rendered":"<p>Kuvendi i Shqip\u00ebris\u00eb i zhvillon punimet vjetore n\u00eb dy sesione. Sesioni i par\u00eb fillon t\u00eb h\u00ebn\u00ebn e tret\u00eb t\u00eb janarit, nd\u00ebrsa sesioni i dyt\u00eb fillon t\u00eb h\u00ebn\u00ebn e par\u00eb t\u00eb shtatorit.<\/p>\n","protected":false},"author":2,"featured_media":16903,"comment_status":"open","ping_status":"open","sticky":false,"template":"","format":"standard","meta":{"footnotes":""},"categories":[118,9],"tags":[27],"class_list":{"0":"post-16902","1":"post","2":"type-post","3":"status-publish","4":"format-standard","5":"has-post-thumbnail","7":"category-kryesore","8":"category-politika","9":"tag-lajme"},"_links":{"self":[{"href":"https:\/\/neutrale.al\/index.php\/wp-json\/wp\/v2\/posts\/16902","targetHints":{"allow":["GET"]}}],"collection":[{"href":"https:\/\/neutrale.al\/index.php\/wp-json\/wp\/v2\/posts"}],"about":[{"href":"https:\/\/neutrale.al\/index.php\/wp-json\/wp\/v2\/types\/post"}],"author":[{"embeddable":true,"href":"https:\/\/neutrale.al\/index.php\/wp-json\/wp\/v2\/users\/2"}],"replies":[{"embeddable":true,"href":"https:\/\/neutrale.al\/index.php\/wp-json\/wp\/v2\/comments?post=16902"}],"version-history":[{"count":1,"href":"https:\/\/neutrale.al\/index.php\/wp-json\/wp\/v2\/posts\/16902\/revisions"}],"predecessor-version":[{"id":16904,"href":"https:\/\/neutrale.al\/index.php\/wp-json\/wp\/v2\/posts\/16902\/revisions\/16904"}],"wp:featuredmedia":[{"embeddable":true,"href":"https:\/\/neutrale.al\/index.php\/wp-json\/wp\/v2\/media\/16903"}],"wp:attachment":[{"href":"https:\/\/neutrale.al\/index.php\/wp-json\/wp\/v2\/media?parent=16902"}],"wp:term":[{"taxonomy":"category","embeddable":true,"href":"https:\/\/neutrale.al\/index.php\/wp-json\/wp\/v2\/categories?post=16902"},{"taxonomy":"post_tag","embeddable":true,"href":"https:\/\/neutrale.al\/index.php\/wp-json\/wp\/v2\/tags?post=16902"}],"curies":[{"name":"wp","href":"https:\/\/api.w.org\/{rel}","templated":true}]}}