{"id":16413,"date":"2022-08-31T08:12:18","date_gmt":"2022-08-31T08:12:18","guid":{"rendered":"https:\/\/neutrale.al\/?p=16413"},"modified":"2022-08-31T08:12:18","modified_gmt":"2022-08-31T08:12:18","slug":"shkarkohet-gledis-nano-drejtori-i-pergjithshem-i-policise-se-shtetit","status":"publish","type":"post","link":"https:\/\/neutrale.al\/index.php\/2022\/08\/31\/shkarkohet-gledis-nano-drejtori-i-pergjithshem-i-policise-se-shtetit\/","title":{"rendered":"Shkarkohet Gledis Nano, Drejtori i P\u00ebrgjithsh\u00ebm i Policis\u00eb s\u00eb Shtetit!"},"content":{"rendered":"<p>Vendimi \u00ebsht\u00eb marr\u00eb n\u00eb mbledhjen e k\u00ebsaj t\u00eb m\u00ebrkure t\u00eb K\u00ebshillit t\u00eb Ministrave.<br \/>\nLajmi u b\u00eb me dije nga ministri i Brendsh\u00ebm Bledi \u00c7u\u00e7i.<\/p>\n","protected":false},"excerpt":{"rendered":"<p>Vendimi \u00ebsht\u00eb marr\u00eb n\u00eb mbledhjen e k\u00ebsaj t\u00eb m\u00ebrkure t\u00eb K\u00ebshillit t\u00eb Ministrave. Lajmi u b\u00eb me dije nga ministri i Brendsh\u00ebm Bledi \u00c7u\u00e7i.<\/p>\n","protected":false},"author":2,"featured_media":16414,"comment_status":"open","ping_status":"open","sticky":false,"template":"","format":"standard","meta":{"footnotes":""},"categories":[117,118],"tags":[27],"class_list":{"0":"post-16413","1":"post","2":"type-post","3":"status-publish","4":"format-standard","5":"has-post-thumbnail","7":"category-aktualitet","8":"category-kryesore","9":"tag-lajme"},"_links":{"self":[{"href":"https:\/\/neutrale.al\/index.php\/wp-json\/wp\/v2\/posts\/16413","targetHints":{"allow":["GET"]}}],"collection":[{"href":"https:\/\/neutrale.al\/index.php\/wp-json\/wp\/v2\/posts"}],"about":[{"href":"https:\/\/neutrale.al\/index.php\/wp-json\/wp\/v2\/types\/post"}],"author":[{"embeddable":true,"href":"https:\/\/neutrale.al\/index.php\/wp-json\/wp\/v2\/users\/2"}],"replies":[{"embeddable":true,"href":"https:\/\/neutrale.al\/index.php\/wp-json\/wp\/v2\/comments?post=16413"}],"version-history":[{"count":1,"href":"https:\/\/neutrale.al\/index.php\/wp-json\/wp\/v2\/posts\/16413\/revisions"}],"predecessor-version":[{"id":16415,"href":"https:\/\/neutrale.al\/index.php\/wp-json\/wp\/v2\/posts\/16413\/revisions\/16415"}],"wp:featuredmedia":[{"embeddable":true,"href":"https:\/\/neutrale.al\/index.php\/wp-json\/wp\/v2\/media\/16414"}],"wp:attachment":[{"href":"https:\/\/neutrale.al\/index.php\/wp-json\/wp\/v2\/media?parent=16413"}],"wp:term":[{"taxonomy":"category","embeddable":true,"href":"https:\/\/neutrale.al\/index.php\/wp-json\/wp\/v2\/categories?post=16413"},{"taxonomy":"post_tag","embeddable":true,"href":"https:\/\/neutrale.al\/index.php\/wp-json\/wp\/v2\/tags?post=16413"}],"curies":[{"name":"wp","href":"https:\/\/api.w.org\/{rel}","templated":true}]}}