{"id":16408,"date":"2022-08-31T08:11:25","date_gmt":"2022-08-31T08:11:25","guid":{"rendered":"https:\/\/neutrale.al\/?p=16408"},"modified":"2022-08-31T08:11:25","modified_gmt":"2022-08-31T08:11:25","slug":"kryeministri-rama-universiteti-bujqesor-me-kampus-te-ringritur","status":"publish","type":"post","link":"https:\/\/neutrale.al\/index.php\/2022\/08\/31\/kryeministri-rama-universiteti-bujqesor-me-kampus-te-ringritur\/","title":{"rendered":"Kryeministri Rama: Universiteti Bujq\u00ebsor me kampus t\u00eb ringritur."},"content":{"rendered":"<p>Lajmin e b\u00ebn me dije kryeministri Edi Rama me nj\u00eb postim n\u00eb rrjetet sociale. <\/p>\n<p>Kampusi i ringritur, me 8 godina t\u00eb reja, shkruan ai, q\u00eb do t\u00eb presin 2200 student\u00eb n\u00eb tetor. <\/p>\n<p>Ja postimi: <\/p>\n<p>MIR\u00cbM\u00cbNGJES\u00a0\u00a0\u00a0\u00a0\u00a0\u00a0\u00a0\u00a0\u00a0\u00a0\u00a0\u00a0\u00a0\u00a0\u00a0\u00a0\u00a0\u00a0\u00a0\u00a0\u00a0\u00a0\u00a0\u00a0\u00a0\u00a0\u00a0\u00a0\u00a0\u00a0\u00a0\u00a0\u00a0\u00a0\u00a0\u00a0\u00a0\u00a0\u00a0\u00a0\u00a0\u00a0\u00a0\u00a0\u00a0\u00a0\u00a0\u00a0 dhe me Kampusin e Universitetit Bujq\u00ebsor, ringritur nga e para me 8 godina, q\u00eb n\u00eb tetor do t\u00eb jet\u00eb gati p\u00ebr 2200 student\u00eb, ju uroj nj\u00eb dit\u00eb t\u00eb mbar\u00eb\ud83d\ude4f<\/p>\n<p><img loading=\"lazy\" loading=\"lazy\" decoding=\"async\" src=\"https:\/\/neutrale.al\/wp-content\/uploads\/2022\/08\/0D130F98-0E2D-4345-ADAF-76200EF4FC19-272x300.jpeg\" alt=\"\" width=\"272\" height=\"300\" class=\"alignnone size-medium wp-image-16409\" srcset=\"https:\/\/neutrale.al\/wp-content\/uploads\/2022\/08\/0D130F98-0E2D-4345-ADAF-76200EF4FC19-272x300.jpeg 272w, https:\/\/neutrale.al\/wp-content\/uploads\/2022\/08\/0D130F98-0E2D-4345-ADAF-76200EF4FC19-930x1024.jpeg 930w, https:\/\/neutrale.al\/wp-content\/uploads\/2022\/08\/0D130F98-0E2D-4345-ADAF-76200EF4FC19-768x846.jpeg 768w, https:\/\/neutrale.al\/wp-content\/uploads\/2022\/08\/0D130F98-0E2D-4345-ADAF-76200EF4FC19-860x947.jpeg 860w, https:\/\/neutrale.al\/wp-content\/uploads\/2022\/08\/0D130F98-0E2D-4345-ADAF-76200EF4FC19.jpeg 1080w\" sizes=\"auto, (max-width: 272px) 100vw, 272px\" \/><\/p>\n<p><img loading=\"lazy\" loading=\"lazy\" decoding=\"async\" src=\"https:\/\/neutrale.al\/wp-content\/uploads\/2022\/08\/9812E871-5C93-4EA2-AA90-1C44F781664F-225x300.jpeg\" alt=\"\" width=\"225\" height=\"300\" class=\"alignnone size-medium wp-image-16410\" srcset=\"https:\/\/neutrale.al\/wp-content\/uploads\/2022\/08\/9812E871-5C93-4EA2-AA90-1C44F781664F-225x300.jpeg 225w, https:\/\/neutrale.al\/wp-content\/uploads\/2022\/08\/9812E871-5C93-4EA2-AA90-1C44F781664F-768x1024.jpeg 768w, https:\/\/neutrale.al\/wp-content\/uploads\/2022\/08\/9812E871-5C93-4EA2-AA90-1C44F781664F-860x1147.jpeg 860w, https:\/\/neutrale.al\/wp-content\/uploads\/2022\/08\/9812E871-5C93-4EA2-AA90-1C44F781664F.jpeg 1080w\" sizes=\"auto, (max-width: 225px) 100vw, 225px\" \/><\/p>\n","protected":false},"excerpt":{"rendered":"<p>Lajmin e b\u00ebn me dije kryeministri Edi Rama me nj\u00eb postim n\u00eb rrjetet sociale. Kampusi i ringritur, me 8 godina t\u00eb reja, shkruan ai, q\u00eb do t\u00eb presin 2200 student\u00eb n\u00eb tetor. Ja postimi: MIR\u00cbM\u00cbNGJES\u00a0\u00a0\u00a0\u00a0\u00a0\u00a0\u00a0\u00a0\u00a0\u00a0\u00a0\u00a0\u00a0\u00a0\u00a0\u00a0\u00a0\u00a0\u00a0\u00a0\u00a0\u00a0\u00a0\u00a0\u00a0\u00a0\u00a0\u00a0\u00a0\u00a0\u00a0\u00a0\u00a0\u00a0\u00a0\u00a0\u00a0\u00a0\u00a0\u00a0\u00a0\u00a0\u00a0\u00a0\u00a0\u00a0\u00a0\u00a0 dhe me Kampusin e Universitetit Bujq\u00ebsor, ringritur nga e para me 8 godina, q\u00eb n\u00eb tetor do t\u00eb jet\u00eb gati [&hellip;]<\/p>\n","protected":false},"author":2,"featured_media":16411,"comment_status":"open","ping_status":"open","sticky":false,"template":"","format":"standard","meta":{"footnotes":""},"categories":[9],"tags":[27],"class_list":{"0":"post-16408","1":"post","2":"type-post","3":"status-publish","4":"format-standard","5":"has-post-thumbnail","7":"category-politika","8":"tag-lajme"},"_links":{"self":[{"href":"https:\/\/neutrale.al\/index.php\/wp-json\/wp\/v2\/posts\/16408","targetHints":{"allow":["GET"]}}],"collection":[{"href":"https:\/\/neutrale.al\/index.php\/wp-json\/wp\/v2\/posts"}],"about":[{"href":"https:\/\/neutrale.al\/index.php\/wp-json\/wp\/v2\/types\/post"}],"author":[{"embeddable":true,"href":"https:\/\/neutrale.al\/index.php\/wp-json\/wp\/v2\/users\/2"}],"replies":[{"embeddable":true,"href":"https:\/\/neutrale.al\/index.php\/wp-json\/wp\/v2\/comments?post=16408"}],"version-history":[{"count":1,"href":"https:\/\/neutrale.al\/index.php\/wp-json\/wp\/v2\/posts\/16408\/revisions"}],"predecessor-version":[{"id":16412,"href":"https:\/\/neutrale.al\/index.php\/wp-json\/wp\/v2\/posts\/16408\/revisions\/16412"}],"wp:featuredmedia":[{"embeddable":true,"href":"https:\/\/neutrale.al\/index.php\/wp-json\/wp\/v2\/media\/16411"}],"wp:attachment":[{"href":"https:\/\/neutrale.al\/index.php\/wp-json\/wp\/v2\/media?parent=16408"}],"wp:term":[{"taxonomy":"category","embeddable":true,"href":"https:\/\/neutrale.al\/index.php\/wp-json\/wp\/v2\/categories?post=16408"},{"taxonomy":"post_tag","embeddable":true,"href":"https:\/\/neutrale.al\/index.php\/wp-json\/wp\/v2\/tags?post=16408"}],"curies":[{"name":"wp","href":"https:\/\/api.w.org\/{rel}","templated":true}]}}